{"id":9812,"date":"2015-06-17T00:26:56","date_gmt":"2015-06-17T00:26:56","guid":{"rendered":"http:\/\/www.ecuadoraldia.com.ec\/?p=9812"},"modified":"2015-06-17T00:26:56","modified_gmt":"2015-06-17T00:26:56","slug":"senado-de-ee-uu-vota-a-favor-de-la-prohibicion-de-la-tortura-en-interrogatorios","status":"publish","type":"post","link":"https:\/\/www.ecuadoraldia.com.ec\/?p=9812","title":{"rendered":"Senado de EE.UU. vota a favor de la prohibici\u00f3n de la tortura en interrogatorios"},"content":{"rendered":"<p style=\"text-align: justify;\"><a href=\"http:\/\/www.ecuadoraldia.com.ec\/wp-content\/uploads\/2015\/06\/senado-USA.jpg\"><img loading=\"lazy\" decoding=\"async\" class=\"alignleft size-full wp-image-9813\" src=\"http:\/\/www.ecuadoraldia.com.ec\/wp-content\/uploads\/2015\/06\/senado-USA.jpg\" alt=\"senado USA\" width=\"285\" height=\"183\" \/><\/a>El Senado de Estados Unidos aprob\u00f3 este martes la prohibici\u00f3n de la tortura durante interrogatorios, una medida muy esperada para poner fin a las t\u00e9cnicas brutales usadas contra presuntos terroristas despu\u00e9s de los atentados del 11\/9 de 2001.<\/p>\n<p style=\"text-align: justify;\">La medida fue aprobada por 78 votos contra 21, con todos los miembros de la bancada dem\u00f3crata y 32 republicanos a favor.<\/p>\n<p style=\"text-align: justify;\">Uno de los republicanos que respald\u00f3 la norma fue Jo0hn McCain, uno de los impulsores del proyecto, quien fue torturado en Vietnam, donde fue prisionero de guerra durante m\u00e1s de cinco a\u00f1os despu\u00e9s de ser capturado en Hanoi en 1967.<\/p>\n<p style=\"text-align: justify;\">\u00abEsta enmienda da una mayor seguridad de que Estados Unidos nunca m\u00e1s seguir\u00e1 ese camino oscuro de sacrificar nuestros valores para satisfacer nuestras necesidades de seguridad de corto plazo\u00bb, dijo McCain, quien por a\u00f1os ha presionado para que se terminen las pr\u00e1cticas de tortura.<\/p>\n<p style=\"text-align: justify;\">La prohibici\u00f3n pas\u00f3 como una enmienda a la Ley de Autorizaci\u00f3n de Defensa Nacional para 2016, que es debatida en el Congreso.<\/p>\n<p style=\"text-align: justify;\">El Senado y la C\u00e1mara de Representantes tendr\u00e1n aprobar el proyecto de ley, con la enmienda, para que lo promulgue el presidente Barack Obama. Pero hay dudas de que ello ocurra.<\/p>\n<p style=\"text-align: justify;\">En efecto, la Casa Blanca hab\u00eda dicho el mes pasado que Obama amenaz\u00f3 con vetar la ley debido a peque\u00f1os cambios en prioridades claves de su administraci\u00f3n. (Agencias)<\/p>\n","protected":false},"excerpt":{"rendered":"<p>El Senado de Estados Unidos aprob\u00f3 este martes la prohibici\u00f3n de la tortura durante interrogatorios, una medida muy esperada para<\/p>\n","protected":false},"author":1,"featured_media":0,"comment_status":"open","ping_status":"open","sticky":false,"template":"","format":"standard","meta":{"footnotes":""},"categories":[7],"tags":[],"_links":{"self":[{"href":"https:\/\/www.ecuadoraldia.com.ec\/index.php?rest_route=\/wp\/v2\/posts\/9812"}],"collection":[{"href":"https:\/\/www.ecuadoraldia.com.ec\/index.php?rest_route=\/wp\/v2\/posts"}],"about":[{"href":"https:\/\/www.ecuadoraldia.com.ec\/index.php?rest_route=\/wp\/v2\/types\/post"}],"author":[{"embeddable":true,"href":"https:\/\/www.ecuadoraldia.com.ec\/index.php?rest_route=\/wp\/v2\/users\/1"}],"replies":[{"embeddable":true,"href":"https:\/\/www.ecuadoraldia.com.ec\/index.php?rest_route=%2Fwp%2Fv2%2Fcomments&post=9812"}],"version-history":[{"count":1,"href":"https:\/\/www.ecuadoraldia.com.ec\/index.php?rest_route=\/wp\/v2\/posts\/9812\/revisions"}],"predecessor-version":[{"id":9814,"href":"https:\/\/www.ecuadoraldia.com.ec\/index.php?rest_route=\/wp\/v2\/posts\/9812\/revisions\/9814"}],"wp:attachment":[{"href":"https:\/\/www.ecuadoraldia.com.ec\/index.php?rest_route=%2Fwp%2Fv2%2Fmedia&parent=9812"}],"wp:term":[{"taxonomy":"category","embeddable":true,"href":"https:\/\/www.ecuadoraldia.com.ec\/index.php?rest_route=%2Fwp%2Fv2%2Fcategories&post=9812"},{"taxonomy":"post_tag","embeddable":true,"href":"https:\/\/www.ecuadoraldia.com.ec\/index.php?rest_route=%2Fwp%2Fv2%2Ftags&post=9812"}],"curies":[{"name":"wp","href":"https:\/\/api.w.org\/{rel}","templated":true}]}}