{"id":9815,"date":"2015-06-17T00:27:41","date_gmt":"2015-06-17T00:27:41","guid":{"rendered":"http:\/\/www.ecuadoraldia.com.ec\/?p=9815"},"modified":"2015-06-17T00:27:41","modified_gmt":"2015-06-17T00:27:41","slug":"patricio-pazmino-fue-electo-como-juez-de-la-corte-idh","status":"publish","type":"post","link":"https:\/\/www.ecuadoraldia.com.ec\/?p=9815","title":{"rendered":"Patricio Pazmi\u00f1o fue electo como juez de la Corte IDH"},"content":{"rendered":"<p style=\"text-align: justify;\"><a href=\"http:\/\/www.ecuadoraldia.com.ec\/wp-content\/uploads\/2015\/06\/pazminio_cd.jpg\"><img loading=\"lazy\" decoding=\"async\" class=\"alignleft size-medium wp-image-9816\" src=\"http:\/\/www.ecuadoraldia.com.ec\/wp-content\/uploads\/2015\/06\/pazminio_cd-300x293.jpg\" alt=\"-pazminio_cd\" width=\"300\" height=\"293\" srcset=\"https:\/\/www.ecuadoraldia.com.ec\/wp-content\/uploads\/2015\/06\/pazminio_cd-300x293.jpg 300w, https:\/\/www.ecuadoraldia.com.ec\/wp-content\/uploads\/2015\/06\/pazminio_cd.jpg 307w\" sizes=\"(max-width: 300px) 100vw, 300px\" \/><\/a>Patricio Pazmi\u00f1o Freire, presidente de la Corte Constitucional de Ecuador, fue electo hoy como uno de los jueces integrantes de la Corte Interamericana de Derechos Humanos (CorteIDH), para el periodo 2016-2021.<\/p>\n<p style=\"text-align: justify;\">En la votaci\u00f3n, realizada hoy en Washington, Pazmi\u00f1o recibi\u00f3 el mayor apoyo, con 22 de los 23 votos posibles, porque solo pueden votar los pa\u00edses firmantes de la Convenci\u00f3n Interamericana de Derechos Humanos.<\/p>\n<p style=\"text-align: justify;\">Le sigui\u00f3 Eduardo Vio Rossi (reelecto), de Chile, y de Costa Rica, Elizabeht Odio Benito -que ser\u00e1 la quinta mujer juez en la historia de la corte regional-, ambos con 20 votos; y Eugenio Ra\u00fal Zaffaroni, de Argentina, con 18 votos.<\/p>\n<p style=\"text-align: justify;\">En febrero, la Canciller\u00eda inform\u00f3 que el Gobierno de Ecuador present\u00f3 ante la Organizaci\u00f3n de Estados Americanos (OEA) la candidatura de Pazmi\u00f1o.<\/p>\n<p style=\"text-align: justify;\">El Estado ecuatoriano promov\u00eda esta candidatura \u00abcon el convencimiento de que el rol de la CorteIDH es de vital importancia para la defensa y plena vigilancia de los derechos humanos en la regi\u00f3n y que la presencia del Dr. Pazmi\u00f1o, por su experiencia y formaci\u00f3n, contribuir\u00e1 decididamente al fortalecimiento del Sistema Interamericano de Derechos Humanos\u00bb.<\/p>\n<p style=\"text-align: justify;\">La \u00faltima vez que un juez de nacionalidad ecuatoriana form\u00f3 parte de la CorteIDH fue hace 12 a\u00f1os, recordaba el comunicado del Ministerio de Relaciones Exteriores.<\/p>\n<p style=\"text-align: justify;\">Este martes tambi\u00e9n fueron designados los nuevo 4 integrantes de la Comisi\u00f3n Interamericana de Derechos Humanos (CIDH): Enrique Gil (Colombia), Esmeralda Arosemena (Panam\u00e1), Margarette May (Jamaica) y Francisco Eguiguren (Per\u00fa).<\/p>\n<p style=\"text-align: justify;\">El flamante secretario general de la OEA, Luis Almagro, expres\u00f3 su apoyo \u00ababsoluto\u00bb a la Comisi\u00f3n y dio fe de la independencia y autonom\u00eda del \u00f3rgano, al tiempo que subray\u00f3 su objetivo de inyectar m\u00e1s recursos tanto a ese \u00f3rgano como a la Corte.<\/p>\n<p style=\"text-align: justify;\">Pero Almagro llam\u00f3 la atenci\u00f3n sobre la necesidad de imprimir \u00abeficiencia\u00bb en la CIDH, que acumula un retraso de a\u00f1os en el procesamiento de casos. (tELEGRAFO)<\/p>\n","protected":false},"excerpt":{"rendered":"<p>Patricio Pazmi\u00f1o Freire, presidente de la Corte Constitucional de Ecuador, fue electo hoy como uno de los jueces integrantes de<\/p>\n","protected":false},"author":1,"featured_media":0,"comment_status":"open","ping_status":"open","sticky":false,"template":"","format":"standard","meta":{"footnotes":""},"categories":[1],"tags":[],"_links":{"self":[{"href":"https:\/\/www.ecuadoraldia.com.ec\/index.php?rest_route=\/wp\/v2\/posts\/9815"}],"collection":[{"href":"https:\/\/www.ecuadoraldia.com.ec\/index.php?rest_route=\/wp\/v2\/posts"}],"about":[{"href":"https:\/\/www.ecuadoraldia.com.ec\/index.php?rest_route=\/wp\/v2\/types\/post"}],"author":[{"embeddable":true,"href":"https:\/\/www.ecuadoraldia.com.ec\/index.php?rest_route=\/wp\/v2\/users\/1"}],"replies":[{"embeddable":true,"href":"https:\/\/www.ecuadoraldia.com.ec\/index.php?rest_route=%2Fwp%2Fv2%2Fcomments&post=9815"}],"version-history":[{"count":1,"href":"https:\/\/www.ecuadoraldia.com.ec\/index.php?rest_route=\/wp\/v2\/posts\/9815\/revisions"}],"predecessor-version":[{"id":9817,"href":"https:\/\/www.ecuadoraldia.com.ec\/index.php?rest_route=\/wp\/v2\/posts\/9815\/revisions\/9817"}],"wp:attachment":[{"href":"https:\/\/www.ecuadoraldia.com.ec\/index.php?rest_route=%2Fwp%2Fv2%2Fmedia&parent=9815"}],"wp:term":[{"taxonomy":"category","embeddable":true,"href":"https:\/\/www.ecuadoraldia.com.ec\/index.php?rest_route=%2Fwp%2Fv2%2Fcategories&post=9815"},{"taxonomy":"post_tag","embeddable":true,"href":"https:\/\/www.ecuadoraldia.com.ec\/index.php?rest_route=%2Fwp%2Fv2%2Ftags&post=9815"}],"curies":[{"name":"wp","href":"https:\/\/api.w.org\/{rel}","templated":true}]}}