{"id":9818,"date":"2015-06-17T00:31:17","date_gmt":"2015-06-17T00:31:17","guid":{"rendered":"http:\/\/www.ecuadoraldia.com.ec\/?p=9818"},"modified":"2015-06-17T00:31:17","modified_gmt":"2015-06-17T00:31:17","slug":"destinaran-recursos-para-ecuatorianos-con-escolaridad-inconclus","status":"publish","type":"post","link":"https:\/\/www.ecuadoraldia.com.ec\/?p=9818","title":{"rendered":"Destinar\u00e1n  recursos  para ecuatorianos con escolaridad inconclus"},"content":{"rendered":"<p style=\"text-align: justify;\"><a href=\"http:\/\/www.ecuadoraldia.com.ec\/wp-content\/uploads\/2015\/06\/austuo.jpg\"><img loading=\"lazy\" decoding=\"async\" class=\"alignleft size-medium wp-image-9819\" src=\"http:\/\/www.ecuadoraldia.com.ec\/wp-content\/uploads\/2015\/06\/austuo-300x227.jpg\" alt=\"austuo\" width=\"300\" height=\"227\" srcset=\"https:\/\/www.ecuadoraldia.com.ec\/wp-content\/uploads\/2015\/06\/austuo-300x227.jpg 300w, https:\/\/www.ecuadoraldia.com.ec\/wp-content\/uploads\/2015\/06\/austuo.jpg 343w\" sizes=\"(max-width: 300px) 100vw, 300px\" \/><\/a>Seg\u00fan cifras del Ministerio de Educaci\u00f3n, en el pa\u00eds existen alrededor de 5&#8242; 630.000 ecuatorianos con escolaridad inconclusa, es decir que no terminan la educaci\u00f3n general b\u00e1sica superior, ni tampoco el bachillerato.<\/p>\n<p style=\"text-align: justify;\">Por ello esta cartera de Estado emprendi\u00f3 desde el a\u00f1o pasado la inscripci\u00f3n de las personas en la modalidad intensiva y extraordinaria, tanto para la educaci\u00f3n b\u00e1sica superior (8vo a 10mo) y el bachillerato. El presupuesto para estos programas hasta 2017 ser\u00e1 de alrededor de $216 millones.<\/p>\n<p style=\"text-align: justify;\">La primera modalidad representa cursar los 3 a\u00f1os de la b\u00e1sica en 11 meses; y en 9 meses el bachillerato, mientras que la jornada extraordinaria es la educaci\u00f3n semipresencial que se realiza actualmente en la jornada nocturna.<\/p>\n<p style=\"text-align: justify;\">En octubre del a\u00f1o pasado iniciaron clases en la b\u00e1sica superior intensiva en el Ciclo Sierra 5.581 estudiantes en 105 unidades educativas, mientras que en la Costa se inscribieron 21.221 alumnos que el \u00faltimo lunes iniciaron actividades en 300 unidades educativas. Lo que da un total de 26.802 alumnos, que al igual que los de la escolaridad habitual, reciben textos escolares gratuitos. La planta docente que los atiende asciende a 893 profesores.<\/p>\n<p style=\"text-align: justify;\">\u00bb El curr\u00edculo es el mismo y como el sistema habitual estos estudiantes son evaluados a diario. La meta es que hasta 2017 concluyan la b\u00e1sica superior 86.802 personas\u00bb, coment\u00f3 el ministro Augusto Espinosa.<\/p>\n<p style=\"text-align: justify;\">La b\u00e1sica superior extraordinaria tiene al momento 20.926 y se espera que al 2017 aumenta a m\u00e1s de 60 mil inscritos.<\/p>\n<p style=\"text-align: justify;\">Para el bachillerato intensivo, que iniciar\u00e1 el 13 de julio existen 10.085 inscritos y que al 2017 se beneficien 50 mil personas. En el bachillerato extraordinario existen actualmente 50.061 y la meta es duplicar ese n\u00famero al 2017.<\/p>\n<p style=\"text-align: justify;\">Los interesados en estas modalidades pueden inscribirse a nivel nacional a trav\u00e9s de las sedes con la planilla de luz el\u00e9ctrica, la c\u00e9dula de identidad y el certificado del \u00faltimo a\u00f1o cursado.<\/p>\n<p style=\"text-align: justify;\">Seg\u00fan la subsecretaria de Educaci\u00f3n Especializada e Inclusiva, Soledad Vela, el programa intensivo est\u00e1 dirigido actualmente para la poblaci\u00f3nde 15 a 21 a\u00f1os en el caso de la b\u00e1sica superior y de 20 a 24 a\u00f1os para el bachillerato; mientras que el extr4aordinario es para todo el resto de la poblaci\u00f3n sin l\u00edmite de edad. (Tel\u00e9grafo)<\/p>\n","protected":false},"excerpt":{"rendered":"<p>Seg\u00fan cifras del Ministerio de Educaci\u00f3n, en el pa\u00eds existen alrededor de 5&#8242; 630.000 ecuatorianos con escolaridad inconclusa, es decir<\/p>\n","protected":false},"author":1,"featured_media":0,"comment_status":"open","ping_status":"open","sticky":false,"template":"","format":"standard","meta":{"footnotes":""},"categories":[4],"tags":[],"_links":{"self":[{"href":"https:\/\/www.ecuadoraldia.com.ec\/index.php?rest_route=\/wp\/v2\/posts\/9818"}],"collection":[{"href":"https:\/\/www.ecuadoraldia.com.ec\/index.php?rest_route=\/wp\/v2\/posts"}],"about":[{"href":"https:\/\/www.ecuadoraldia.com.ec\/index.php?rest_route=\/wp\/v2\/types\/post"}],"author":[{"embeddable":true,"href":"https:\/\/www.ecuadoraldia.com.ec\/index.php?rest_route=\/wp\/v2\/users\/1"}],"replies":[{"embeddable":true,"href":"https:\/\/www.ecuadoraldia.com.ec\/index.php?rest_route=%2Fwp%2Fv2%2Fcomments&post=9818"}],"version-history":[{"count":1,"href":"https:\/\/www.ecuadoraldia.com.ec\/index.php?rest_route=\/wp\/v2\/posts\/9818\/revisions"}],"predecessor-version":[{"id":9820,"href":"https:\/\/www.ecuadoraldia.com.ec\/index.php?rest_route=\/wp\/v2\/posts\/9818\/revisions\/9820"}],"wp:attachment":[{"href":"https:\/\/www.ecuadoraldia.com.ec\/index.php?rest_route=%2Fwp%2Fv2%2Fmedia&parent=9818"}],"wp:term":[{"taxonomy":"category","embeddable":true,"href":"https:\/\/www.ecuadoraldia.com.ec\/index.php?rest_route=%2Fwp%2Fv2%2Fcategories&post=9818"},{"taxonomy":"post_tag","embeddable":true,"href":"https:\/\/www.ecuadoraldia.com.ec\/index.php?rest_route=%2Fwp%2Fv2%2Ftags&post=9818"}],"curies":[{"name":"wp","href":"https:\/\/api.w.org\/{rel}","templated":true}]}}