{"id":9822,"date":"2015-06-18T01:22:43","date_gmt":"2015-06-18T01:22:43","guid":{"rendered":"http:\/\/www.ecuadoraldia.com.ec\/?p=9822"},"modified":"2015-06-18T01:23:24","modified_gmt":"2015-06-18T01:23:24","slug":"soledad-buendia-cumple-2-anos-de-gestion-exitosa","status":"publish","type":"post","link":"https:\/\/www.ecuadoraldia.com.ec\/?p=9822","title":{"rendered":"SOLEDAD BUEND\u00cdA CUMPLE 2 A\u00d1OS DE GESTI\u00d3N EXITOSA"},"content":{"rendered":"<figure id=\"attachment_9823\" aria-describedby=\"caption-attachment-9823\" style=\"width: 300px\" class=\"wp-caption alignleft\"><a href=\"http:\/\/www.ecuadoraldia.com.ec\/wp-content\/uploads\/2015\/06\/Sol-Asamblea.png\"><img loading=\"lazy\" decoding=\"async\" class=\"size-medium wp-image-9823\" src=\"http:\/\/www.ecuadoraldia.com.ec\/wp-content\/uploads\/2015\/06\/Sol-Asamblea-300x210.png\" alt=\"uha,uha uha Correa no se va\" width=\"300\" height=\"210\" srcset=\"https:\/\/www.ecuadoraldia.com.ec\/wp-content\/uploads\/2015\/06\/Sol-Asamblea-300x210.png 300w, https:\/\/www.ecuadoraldia.com.ec\/wp-content\/uploads\/2015\/06\/Sol-Asamblea.png 694w\" sizes=\"(max-width: 300px) 100vw, 300px\" \/><\/a><figcaption id=\"caption-attachment-9823\" class=\"wp-caption-text\">uha,uha, uha, Correa no se va<\/figcaption><\/figure>\n<p style=\"text-align: justify;\">Este 14 de mayo de 2015, Soledad Buend\u00eda cumple dos a\u00f1os de gesti\u00f3n como Legisladora, per\u00edodo en el cual a trav\u00e9s del compromiso adquirido con los ciudadanos se han construido leyes en beneficio de todas y todos tal y como prev\u00e9 la Constituci\u00f3n de la Rep\u00fablica del Ecuador.<\/p>\n<p style=\"text-align: justify;\">Seg\u00fan Buend\u00eda, el trabajo no ha sido f\u00e1cil, ya que considera que siempre se ha constitu\u00eddo un reto elaborar aquellas leyes, sin olvidar ning\u00fan sector, sobretodo a las 33 parroquias a las que representa.<\/p>\n<p style=\"text-align: justify;\">\u201cPara conseguirlo hemos establecido una estrategia de trabajo directo con la ciudadan\u00eda, donde el eje fundamental es escuchar sus inquietudes y dudas. Por ello todos los d\u00edas lunes, como es de su conocimiento, sin cita previa, les recibo en mi Despacho y los viernes recorro el territorio\u201d, asever\u00f3 la Asamble\u00edsta.<\/p>\n<p style=\"text-align: justify;\">Dentro de este per\u00edodo se han aprobado 31 leyes las cuales ya se encuentrar publicadas en el registro oficial. Algunas se las denominado hist\u00f3ricas como por ejemplo la \u201cLey de Comunicaci\u00f3n\u201d, \u201cEl C\u00f3digo Org\u00e1nico Integral Penal\u201d, \u201cLa Ley de Aguas\u201d, entre otras.<\/p>\n<p style=\"text-align: justify;\">Para Soledad Buend\u00eda, con esta nueva Asamblea, la fiscalizaci\u00f3n ha dejado de ser un show, donde se llamaba al pol\u00edtico respondiendo a intereses de los grupos dominantes para maltratarlo y juzgarlo.<\/p>\n<p style=\"text-align: justify;\">Dentro de la gesti\u00f3n de la Legisdora, durante este periodo, se puede destacar inciativas importantes como la propuesta de \u201cLey Org\u00e1nica de Bienestar Animal\u201d, m\u00e1s conocida como LOBA, y otras con caracter de participaci\u00f3n ciudadana como \u201cLegislador por un D\u00eda\u201d.<\/p>\n","protected":false},"excerpt":{"rendered":"<p>Este 14 de mayo de 2015, Soledad Buend\u00eda cumple dos a\u00f1os de gesti\u00f3n como Legisladora, per\u00edodo en el cual a<\/p>\n","protected":false},"author":1,"featured_media":0,"comment_status":"open","ping_status":"open","sticky":false,"template":"","format":"standard","meta":{"footnotes":""},"categories":[3],"tags":[],"_links":{"self":[{"href":"https:\/\/www.ecuadoraldia.com.ec\/index.php?rest_route=\/wp\/v2\/posts\/9822"}],"collection":[{"href":"https:\/\/www.ecuadoraldia.com.ec\/index.php?rest_route=\/wp\/v2\/posts"}],"about":[{"href":"https:\/\/www.ecuadoraldia.com.ec\/index.php?rest_route=\/wp\/v2\/types\/post"}],"author":[{"embeddable":true,"href":"https:\/\/www.ecuadoraldia.com.ec\/index.php?rest_route=\/wp\/v2\/users\/1"}],"replies":[{"embeddable":true,"href":"https:\/\/www.ecuadoraldia.com.ec\/index.php?rest_route=%2Fwp%2Fv2%2Fcomments&post=9822"}],"version-history":[{"count":2,"href":"https:\/\/www.ecuadoraldia.com.ec\/index.php?rest_route=\/wp\/v2\/posts\/9822\/revisions"}],"predecessor-version":[{"id":9825,"href":"https:\/\/www.ecuadoraldia.com.ec\/index.php?rest_route=\/wp\/v2\/posts\/9822\/revisions\/9825"}],"wp:attachment":[{"href":"https:\/\/www.ecuadoraldia.com.ec\/index.php?rest_route=%2Fwp%2Fv2%2Fmedia&parent=9822"}],"wp:term":[{"taxonomy":"category","embeddable":true,"href":"https:\/\/www.ecuadoraldia.com.ec\/index.php?rest_route=%2Fwp%2Fv2%2Fcategories&post=9822"},{"taxonomy":"post_tag","embeddable":true,"href":"https:\/\/www.ecuadoraldia.com.ec\/index.php?rest_route=%2Fwp%2Fv2%2Ftags&post=9822"}],"curies":[{"name":"wp","href":"https:\/\/api.w.org\/{rel}","templated":true}]}}