{"id":9826,"date":"2015-06-20T20:18:09","date_gmt":"2015-06-20T20:18:09","guid":{"rendered":"http:\/\/www.ecuadoraldia.com.ec\/?p=9826"},"modified":"2015-06-20T20:18:09","modified_gmt":"2015-06-20T20:18:09","slug":"el-debate-no-es-solo-por-los-proyectos-de-ley-sino-por-el-pais-que-queremos","status":"publish","type":"post","link":"https:\/\/www.ecuadoraldia.com.ec\/?p=9826","title":{"rendered":"El debate no es solo por los proyectos de ley, sino \u00abpor el pa\u00eds que queremos\u00bb"},"content":{"rendered":"<p style=\"text-align: justify;\"><a href=\"http:\/\/www.ecuadoraldia.com.ec\/wp-content\/uploads\/2015\/06\/correa-salainas.jpg\"><img loading=\"lazy\" decoding=\"async\" class=\"alignleft size-medium wp-image-9827\" src=\"http:\/\/www.ecuadoraldia.com.ec\/wp-content\/uploads\/2015\/06\/correa-salainas-300x208.jpg\" alt=\"correa salainas\" width=\"300\" height=\"208\" srcset=\"https:\/\/www.ecuadoraldia.com.ec\/wp-content\/uploads\/2015\/06\/correa-salainas-300x208.jpg 300w, https:\/\/www.ecuadoraldia.com.ec\/wp-content\/uploads\/2015\/06\/correa-salainas.jpg 635w\" sizes=\"(max-width: 300px) 100vw, 300px\" \/><\/a>El Gobierno reiter\u00f3 hoy su invitaci\u00f3n a un di\u00e1logo nacional sobre equidad y justicia social, que se extender\u00e1 hasta septiembre, mes en el que se evaluar\u00e1 si es necesario ampliar el debate, realizar cambios a la propuesta inicial o ratificarla con apoyo popular.<\/p>\n<p style=\"text-align: justify;\">Durante el Enlace Ciudadano 429, el secretario Nacional de Planificaci\u00f3n, Pabel Mu\u00f1oz, resalt\u00f3 que en los 8 a\u00f1os del actual Gobierno \u00abhemos bajado la pobreza como nunca antes, a pesar de algunos cuantos trasnochados analistas que quieren hacernos creer que antes el pa\u00eds estaba mejor\u00bb, apunt\u00f3.<\/p>\n<p style=\"text-align: justify;\">Record\u00f3 que la pobreza por ingresos ha ca\u00eddo en 15 puntos, la pobreza por consumo en 12 puntos, y la pobreza estructural por necesidades b\u00e1sicas, en 16 puntos.<\/p>\n<p style=\"text-align: justify;\">\u00abEl Ecuador es uno de los pa\u00edses menos inequitativos, pero en la regi\u00f3n m\u00e1s inequitativa del mundo\u00bb, sostuvo Mu\u00f1oz.<\/p>\n<p style=\"text-align: justify;\">Respecto al debate nacional planteado por el r\u00e9gimen, el titular de la Senplades explic\u00f3 que se basa en cuatro principios: profundizar la democracia, construir m\u00e1s sociedad, priorizar el bien com\u00fan sobre los intereses personales y demandas corporativas; y generar corresponsabilidad con garant\u00eda de derechos y responsabilidades ciudadanas.<\/p>\n<p style=\"text-align: justify;\">Indic\u00f3 que el 15 septiembre se evaluar\u00e1 c\u00f3mo se ha desarrollado ese di\u00e1logo. \u00abVeremos c\u00f3mo hemos avanzado y si lo cerramos y presentamos un producto para el pa\u00eds, (pero) si necesitamos m\u00e1s tiempo, as\u00ed lo haremos. Estoy seguro que la gente demandar\u00e1 m\u00e1s pol\u00edtica p\u00fablica, mejoras regulatorias, que una gran cantidad de gente pedir\u00e1 no solo estas, sino seguramente otras leyes\u00bb, apunt\u00f3 Mu\u00f1oz.<\/p>\n<p style=\"text-align: justify;\">\u00abVeamos lo que dice la ciudadan\u00eda y sobre eso evaluaremos\u00bb, subray\u00f3.<\/p>\n<p style=\"text-align: justify;\">Tambi\u00e9n dijo que el di\u00e1logo tendr\u00e1 tres momentos: el primero en que se escuchar\u00e1 y recibir\u00e1 propuestas. De hecho, ejemplific\u00f3, el pasado jueves el Ministerio de Inclusi\u00f3n Econ\u00f3mica y Social (MIES) mantuvo un encuentro en Chimborazo con al menos 2.000 ind\u00edgenas, donde se trat\u00f3 temas de econom\u00eda popular y solidaria. \u00abSeguimos con ese debate el martes, seguramente con los sectores empresariales lo haremos en las pr\u00f3ximas semanas, lo mismo con la banca y el sector financiero. Lo estamos haciendo con las universidades, as\u00ed que el debate es amplio\u00bb, subray\u00f3.<\/p>\n<p style=\"text-align: justify;\">En un segundo momento \u00abnos dedicaremos a sistematizar estas propuestas\u00bb, dijo Mu\u00f1oz. En un tercer momento, \u00abcon el propio presidente a la cabeza, podamos anunciar estos acuerdos nacionales\u00bb.<\/p>\n<p style=\"text-align: justify;\">Enc\u00edclica papal<\/p>\n<p style=\"text-align: justify;\">Durante el Enlace, el presidente Correa tambi\u00e9n se refiri\u00f3 sobre la enc\u00edclica presentada por el papa Francisco a la que calific\u00f3 como \u00abimpresionante\u00bb.<\/p>\n<p style=\"text-align: justify;\">El Mandatario explic\u00f3 que el documento de Francisco que lleva por t\u00edtulo \u00abLaudato si, (Alabado seas) es \u00absobre ecolog\u00eda b\u00e1sicamente\u00bb, pero que tambi\u00e9n \u00abhabla de los pobres y la desigualdad\u00bb.<\/p>\n<p style=\"text-align: justify;\">El Presidente se hizo eco principalmente del mensaje papal sobre la necesidad de \u00abexasperarse\u00bb de \u00ablas enormes inequidades que existen\u00bb.<\/p>\n<p style=\"text-align: justify;\">\u00abEstamos en el continente m\u00e1s inequitativo del mundo, y muchos no solo que no se exasperan sino que quieren mantener la situaci\u00f3n actual, mantener sus millones, mantener la exclusi\u00f3n\u00bb, coment\u00f3 Correa.<\/p>\n<p style=\"text-align: justify;\">Explica leyes<\/p>\n<p style=\"text-align: justify;\">El Jefe de Estado reiter\u00f3 que el proyecto de ley de Redistribuci\u00f3n de la Riqueza no perjudica a las clases media y baja, sino a quienes tienen un patrimonio m\u00e1s alto. Explic\u00f3 que el 94% de las herencias que recibieron los ecuatorianos fueron menores a 100 Salarios B\u00e1sicos Unificados (SBU), fracci\u00f3n exenta al pago de impuesto a la herencia. Mientras que solo el 6% superan dicha fracci\u00f3n exenta, por la que se debe pagar un porcentaje m\u00ednimo de impuesto, indic\u00f3.<\/p>\n<p style=\"text-align: justify;\">Adem\u00e1s, precis\u00f3 que solo el 0,6% de los herederos pagar\u00e1n una cantidad representativa.<\/p>\n<p style=\"text-align: justify;\">El Mandatario tambi\u00e9n rechaz\u00f3 c\u00f3mo los pol\u00edticos de oposici\u00f3n juegan con la buena fe y la dignidad de los ecuatorianos, al desinformarlos e incentivarlos a salir a las calles para protestar en contra del Gobierno.<\/p>\n<p style=\"text-align: justify;\">\u00abMe demuestran que esto es para los pobres, la clase media, y retiro las leyes. Y les he mostrado que es, para el caso de herencias, para los ricos entre los ricos, ese menos del 2% al que pertenece (Jaime) Nebot y (Guillermo) Lasso y, en el caso de plusval\u00eda, ni siquiera para los ricos, sino para los especuladores. Y esto lo m\u00e1s justo y m\u00e1s real que podemos hacer, redistribuir la riqueza\u00bb, apunt\u00f3 Correa.<\/p>\n<p style=\"text-align: justify;\">\u00abHemos llamado al m\u00e1s amplio di\u00e1logo nacional no solo por los proyectos, (sino) por la clase de pa\u00eds que queremos\u00bb, sostuvo al insistir que los pol\u00edticos de oposici\u00f3n plantean un Ecuador del pasado, \u00abcon acumulaci\u00f3n ilimitada de riqueza en pocas manos, con feriado bancario, con inconsistencias\u00bb. Mientras que el pa\u00eds que quiere la Revoluci\u00f3n Ciudadana es una naci\u00f3n \u00abcon mayor justicia, con equidad, con un Estado adecuadamente redistribuidor\u00bb. \u00abEso es lo que est\u00e1 en juego\u00bb, insisti\u00f3.<\/p>\n<p style=\"text-align: justify;\">Reiter\u00f3 que una vez que se agote el di\u00e1logo \u00abdecidimos si presentamos los proyectos o no, dependiendo lo que quiere el pueblo ecuatoriano, pero luego de saber la verdad, por eso hemos dado al menos 90 d\u00edas para esta amplia discusi\u00f3n con todos los grupos de buena voluntad\u00bb.<\/p>\n<p style=\"text-align: justify;\">Adem\u00e1s, Correa reiter\u00f3 que hay una \u00abconspiraci\u00f3n\u00bb en marcha, por lo que hizo un llamado a la ciudadan\u00eda para defender la revoluci\u00f3n ciudadana. \u00abodos a estar atentos para defender a su Presidente, al Gobierno y a la revoluci\u00f3n\u00bb. (El telegrafo)<\/p>\n","protected":false},"excerpt":{"rendered":"<p>El Gobierno reiter\u00f3 hoy su invitaci\u00f3n a un di\u00e1logo nacional sobre equidad y justicia social, que se extender\u00e1 hasta septiembre,<\/p>\n","protected":false},"author":1,"featured_media":0,"comment_status":"open","ping_status":"open","sticky":false,"template":"","format":"standard","meta":{"footnotes":""},"categories":[1],"tags":[],"_links":{"self":[{"href":"https:\/\/www.ecuadoraldia.com.ec\/index.php?rest_route=\/wp\/v2\/posts\/9826"}],"collection":[{"href":"https:\/\/www.ecuadoraldia.com.ec\/index.php?rest_route=\/wp\/v2\/posts"}],"about":[{"href":"https:\/\/www.ecuadoraldia.com.ec\/index.php?rest_route=\/wp\/v2\/types\/post"}],"author":[{"embeddable":true,"href":"https:\/\/www.ecuadoraldia.com.ec\/index.php?rest_route=\/wp\/v2\/users\/1"}],"replies":[{"embeddable":true,"href":"https:\/\/www.ecuadoraldia.com.ec\/index.php?rest_route=%2Fwp%2Fv2%2Fcomments&post=9826"}],"version-history":[{"count":1,"href":"https:\/\/www.ecuadoraldia.com.ec\/index.php?rest_route=\/wp\/v2\/posts\/9826\/revisions"}],"predecessor-version":[{"id":9828,"href":"https:\/\/www.ecuadoraldia.com.ec\/index.php?rest_route=\/wp\/v2\/posts\/9826\/revisions\/9828"}],"wp:attachment":[{"href":"https:\/\/www.ecuadoraldia.com.ec\/index.php?rest_route=%2Fwp%2Fv2%2Fmedia&parent=9826"}],"wp:term":[{"taxonomy":"category","embeddable":true,"href":"https:\/\/www.ecuadoraldia.com.ec\/index.php?rest_route=%2Fwp%2Fv2%2Fcategories&post=9826"},{"taxonomy":"post_tag","embeddable":true,"href":"https:\/\/www.ecuadoraldia.com.ec\/index.php?rest_route=%2Fwp%2Fv2%2Ftags&post=9826"}],"curies":[{"name":"wp","href":"https:\/\/api.w.org\/{rel}","templated":true}]}}