{"id":9829,"date":"2015-06-20T20:20:20","date_gmt":"2015-06-20T20:20:20","guid":{"rendered":"http:\/\/www.ecuadoraldia.com.ec\/?p=9829"},"modified":"2015-06-20T20:20:20","modified_gmt":"2015-06-20T20:20:20","slug":"manifestaciones-en-alemania-italia-y-francia-por-una-europa-distinta","status":"publish","type":"post","link":"https:\/\/www.ecuadoraldia.com.ec\/?p=9829","title":{"rendered":"Manifestaciones en Alemania, Italia y Francia por \u00abuna Europa distinta\u00bb"},"content":{"rendered":"<figure id=\"attachment_9830\" aria-describedby=\"caption-attachment-9830\" style=\"width: 300px\" class=\"wp-caption alignleft\"><a href=\"http:\/\/www.ecuadoraldia.com.ec\/wp-content\/uploads\/2015\/06\/alemania.jpg\"><img loading=\"lazy\" decoding=\"async\" class=\"size-medium wp-image-9830\" src=\"http:\/\/www.ecuadoraldia.com.ec\/wp-content\/uploads\/2015\/06\/alemania-300x200.jpg\" alt=\"People take part in a demonstration called by associations, unions and leftist politicians in support of both migrants and the Greek people on June 20, 2015 in Paris. AFP PHOTO \/ KENZO TRIBOUILLARD  FRANCE-GREECE-MIGRANTS-POLITICS-EU-DEMONSTRATION\" width=\"300\" height=\"200\" srcset=\"https:\/\/www.ecuadoraldia.com.ec\/wp-content\/uploads\/2015\/06\/alemania-300x200.jpg 300w, https:\/\/www.ecuadoraldia.com.ec\/wp-content\/uploads\/2015\/06\/alemania.jpg 800w\" sizes=\"(max-width: 300px) 100vw, 300px\" \/><\/a><figcaption id=\"caption-attachment-9830\" class=\"wp-caption-text\">People take part in a demonstration called by associations, unions and leftist politicians in support of both migrants and the Greek people on June 20, 2015 in Paris. AFP PHOTO \/ KENZO TRIBOUILLARD<br \/>FRANCE-GREECE-MIGRANTS-POLITICS-EU-DEMONSTRATION<\/figcaption><\/figure>\n<p style=\"text-align: justify;\">Varios miles de personas manifestaron este s\u00e1bado en Alemania, Italia y Francia su solidaridad con los migrantes en Europa y contra la austeridad en Grecia.<\/p>\n<p style=\"text-align: justify;\">En Berl\u00edn, se reunieron unas 3.700 personas seg\u00fan la polic\u00eda local, 10.000 seg\u00fan los organizadores.<\/p>\n<p style=\"text-align: justify;\">Los manifestantes se reunieron bajo el lema \u00abHacer Europa de otra manera\u00bb, a llamado de diversas organizaciones de izquierda, en particular de los partidos de la oposici\u00f3n alemana Die Linke y Gr\u00fcnen.<\/p>\n<p style=\"text-align: justify;\">En calma, la muchedumbre core\u00f3 esl\u00f3ganes promigrantes, este s\u00e1bado, coincidiendo con el D\u00eda mundial de los refugiados. \u00abNo a las fronteras, no a las naciones, detengan las deportaciones\u00bb y \u00abD\u00edganlo fuerte y claramente, los refugiados son bienvenidos aqu\u00ed\u00bb, fueron los m\u00e1s reiterados.<\/p>\n<p style=\"text-align: justify;\">Algunos manifestantes enarbolaban banderas griegas o pancartas de apoyo a Atenas, actualmente en una fase cr\u00edtica de sus negociaciones con sus acreedores europeos y amenazada con salir de la zona euro.<\/p>\n<p style=\"text-align: justify;\">\u00abLa Europa tecn\u00f3crata, fr\u00eda y neoliberal dirigida por Alemania es insoportable\u00bb, rezaba una pancarta que portaba una manifestante.<\/p>\n<p style=\"text-align: justify;\">En la jornada se realizaron otros movimientos de solidaridad en Europa.<\/p>\n<p style=\"text-align: justify;\">En Italia, en la capital Roma, casi un millar de manifestantes se concentraron bajo la lluvia frente al Coliseo a favor de los refugiados y bajo la consigna \u00abStop a la masacre ahora\u00bb.<\/p>\n<p style=\"text-align: justify;\">Varios de los participantes en la demostraci\u00f3n aprovecharon para expresar su solidaridad con Grecia.<\/p>\n<p style=\"text-align: justify;\">En Francia, varios centenares de personas desfilaron por las calles de Par\u00eds en apoyo de los migrantes y del pueblo griego.<\/p>\n<p style=\"text-align: justify;\">A la cabeza del cortejo, en el que flameaban banderas del Partido de izquierda, Partido comunista, de Europa ecologista Los Verdes y otras griegas, se ubicaron en particular los representantes de las dos primeras fuerzas pol\u00edticas, Jean-Luc M\u00e9lenchon y Pierre Laurent. (AFP)<\/p>\n","protected":false},"excerpt":{"rendered":"<p>Varios miles de personas manifestaron este s\u00e1bado en Alemania, Italia y Francia su solidaridad con los migrantes en Europa y<\/p>\n","protected":false},"author":1,"featured_media":0,"comment_status":"open","ping_status":"open","sticky":false,"template":"","format":"standard","meta":{"footnotes":""},"categories":[7],"tags":[],"_links":{"self":[{"href":"https:\/\/www.ecuadoraldia.com.ec\/index.php?rest_route=\/wp\/v2\/posts\/9829"}],"collection":[{"href":"https:\/\/www.ecuadoraldia.com.ec\/index.php?rest_route=\/wp\/v2\/posts"}],"about":[{"href":"https:\/\/www.ecuadoraldia.com.ec\/index.php?rest_route=\/wp\/v2\/types\/post"}],"author":[{"embeddable":true,"href":"https:\/\/www.ecuadoraldia.com.ec\/index.php?rest_route=\/wp\/v2\/users\/1"}],"replies":[{"embeddable":true,"href":"https:\/\/www.ecuadoraldia.com.ec\/index.php?rest_route=%2Fwp%2Fv2%2Fcomments&post=9829"}],"version-history":[{"count":1,"href":"https:\/\/www.ecuadoraldia.com.ec\/index.php?rest_route=\/wp\/v2\/posts\/9829\/revisions"}],"predecessor-version":[{"id":9831,"href":"https:\/\/www.ecuadoraldia.com.ec\/index.php?rest_route=\/wp\/v2\/posts\/9829\/revisions\/9831"}],"wp:attachment":[{"href":"https:\/\/www.ecuadoraldia.com.ec\/index.php?rest_route=%2Fwp%2Fv2%2Fmedia&parent=9829"}],"wp:term":[{"taxonomy":"category","embeddable":true,"href":"https:\/\/www.ecuadoraldia.com.ec\/index.php?rest_route=%2Fwp%2Fv2%2Fcategories&post=9829"},{"taxonomy":"post_tag","embeddable":true,"href":"https:\/\/www.ecuadoraldia.com.ec\/index.php?rest_route=%2Fwp%2Fv2%2Ftags&post=9829"}],"curies":[{"name":"wp","href":"https:\/\/api.w.org\/{rel}","templated":true}]}}