{"id":9832,"date":"2015-06-20T20:23:58","date_gmt":"2015-06-20T20:23:58","guid":{"rendered":"http:\/\/www.ecuadoraldia.com.ec\/?p=9832"},"modified":"2015-06-20T20:23:58","modified_gmt":"2015-06-20T20:23:58","slug":"ecuador-gano-a-mexico-2-1-y-se-reivindica-en-la-copa-america","status":"publish","type":"post","link":"https:\/\/www.ecuadoraldia.com.ec\/?p=9832","title":{"rendered":"Ecuador gan\u00f2 a M\u00e8xico 2 \u00a01 y se reivindica en la Copa Am\u00e9rica\u00a0"},"content":{"rendered":"<p style=\"text-align: justify;\"><a href=\"http:\/\/www.ecuadoraldia.com.ec\/wp-content\/uploads\/2015\/06\/drp.jpg\"><img loading=\"lazy\" decoding=\"async\" class=\"alignleft size-medium wp-image-9833\" src=\"http:\/\/www.ecuadoraldia.com.ec\/wp-content\/uploads\/2015\/06\/drp-300x191.jpg\" alt=\"drp\" width=\"300\" height=\"191\" srcset=\"https:\/\/www.ecuadoraldia.com.ec\/wp-content\/uploads\/2015\/06\/drp-300x191.jpg 300w, https:\/\/www.ecuadoraldia.com.ec\/wp-content\/uploads\/2015\/06\/drp.jpg 635w\" sizes=\"(max-width: 300px) 100vw, 300px\" \/><\/a>Bola\u00f1os y Valencia anotaron los tantos ecuatorianos. Con este marcador la \u2018Tri\u2019 debe aguardar los resultados de hoy y ma\u00f1ana para saber si avanza a cuartos como mejor tercero.<\/p>\n<p style=\"text-align: justify;\">Ecuador se reivindica en la Copa Am\u00e9rica<\/p>\n<p style=\"text-align: justify;\">Ecuador jug\u00f3 ayer ante M\u00e9xico su mejor partido de la Copa Am\u00e9rica. Gustavo Quinteros, director t\u00e9cnico de la \u2018Tri\u2019, realiz\u00f3 tres cambios en relaci\u00f3n a los encuentros anteriores ante Chile y Bolivia, lo que permiti\u00f3 ver un equipo m\u00e1s ordenado y ofensivo.<\/p>\n<p style=\"text-align: justify;\">A los 3\u2019 Miller Bola\u00f1os tuvo una oportunidad clara de marcar, pero su remate fue desviado por el arquero Jos\u00e9 Corona con el pie; por su parte, M\u00e9xico inici\u00f3 el partido cortando el juego \u2018tricolor\u2019 con faltas.<\/p>\n<p style=\"text-align: justify;\">A los 25\u2019, producto de la alta presi\u00f3n en la media cancha, lleg\u00f3 el primer tanto de Ecuador (1-0) a trav\u00e9s de Miller Bola\u00f1os, que termin\u00f3 bien una jugada a d\u00fao con \u00c9nner Valencia.<\/p>\n<p style=\"text-align: justify;\">Tras el gol la selecci\u00f3n ecuatoriana se asent\u00f3 en el campo y control\u00f3 los tiempos y el bal\u00f3n. Con el 1-0 terminaron los primeros 45\u2019,<\/p>\n<p style=\"text-align: justify;\">Para el segundo tiempo, Miguel Herrera cambi\u00f3 la l\u00ednea de 5 zagueros por una de 4, con la intenci\u00f3n de sumar otro jugador en el ataque.<\/p>\n<p style=\"text-align: justify;\">Los mexicanos adelantaron varios metros sus l\u00edneas, pero se encontraron con una fuerte zona de volantes liderada en la marca por Lastra. Precisamente de los pies del volante \u2018el\u00e9ctrico\u2019 naci\u00f3 el segundo gol de Ecuador (57\u2019); nuevamente la f\u00f3rmula Bola\u00f1os-Valencia se uni\u00f3 y el delantero del West Ham convirti\u00f3 el 2-0. La selecci\u00f3n mexicana descont\u00f3 (2-1) a los 64\u2019 a trav\u00e9s del delantero Ra\u00fal Jim\u00e9nez que convirti\u00f3 de penalti.<\/p>\n<p style=\"text-align: justify;\">Con este resultado, la \u2018Tri\u2019 se queda en la tercera posici\u00f3n del grupo A con 3 puntos (-2 ) y esperar\u00e1 lo que suceda hoy y ma\u00f1ana en los otros grupos. Mientras que Chile y Bolivia quedaron clasificados a los cuartos de final. (El telegrafo)<\/p>\n","protected":false},"excerpt":{"rendered":"<p>Bola\u00f1os y Valencia anotaron los tantos ecuatorianos. Con este marcador la \u2018Tri\u2019 debe aguardar los resultados de hoy y ma\u00f1ana<\/p>\n","protected":false},"author":1,"featured_media":0,"comment_status":"open","ping_status":"open","sticky":false,"template":"","format":"standard","meta":{"footnotes":""},"categories":[10],"tags":[],"_links":{"self":[{"href":"https:\/\/www.ecuadoraldia.com.ec\/index.php?rest_route=\/wp\/v2\/posts\/9832"}],"collection":[{"href":"https:\/\/www.ecuadoraldia.com.ec\/index.php?rest_route=\/wp\/v2\/posts"}],"about":[{"href":"https:\/\/www.ecuadoraldia.com.ec\/index.php?rest_route=\/wp\/v2\/types\/post"}],"author":[{"embeddable":true,"href":"https:\/\/www.ecuadoraldia.com.ec\/index.php?rest_route=\/wp\/v2\/users\/1"}],"replies":[{"embeddable":true,"href":"https:\/\/www.ecuadoraldia.com.ec\/index.php?rest_route=%2Fwp%2Fv2%2Fcomments&post=9832"}],"version-history":[{"count":1,"href":"https:\/\/www.ecuadoraldia.com.ec\/index.php?rest_route=\/wp\/v2\/posts\/9832\/revisions"}],"predecessor-version":[{"id":9834,"href":"https:\/\/www.ecuadoraldia.com.ec\/index.php?rest_route=\/wp\/v2\/posts\/9832\/revisions\/9834"}],"wp:attachment":[{"href":"https:\/\/www.ecuadoraldia.com.ec\/index.php?rest_route=%2Fwp%2Fv2%2Fmedia&parent=9832"}],"wp:term":[{"taxonomy":"category","embeddable":true,"href":"https:\/\/www.ecuadoraldia.com.ec\/index.php?rest_route=%2Fwp%2Fv2%2Fcategories&post=9832"},{"taxonomy":"post_tag","embeddable":true,"href":"https:\/\/www.ecuadoraldia.com.ec\/index.php?rest_route=%2Fwp%2Fv2%2Ftags&post=9832"}],"curies":[{"name":"wp","href":"https:\/\/api.w.org\/{rel}","templated":true}]}}