{"id":9835,"date":"2015-06-20T20:26:18","date_gmt":"2015-06-20T20:26:18","guid":{"rendered":"http:\/\/www.ecuadoraldia.com.ec\/?p=9835"},"modified":"2015-06-20T20:26:18","modified_gmt":"2015-06-20T20:26:18","slug":"problemas-por-aludes-en-vias-de-6-provincias","status":"publish","type":"post","link":"https:\/\/www.ecuadoraldia.com.ec\/?p=9835","title":{"rendered":"Problemas por aludes en v\u00edas de 6 provincias"},"content":{"rendered":"<figure id=\"attachment_9836\" aria-describedby=\"caption-attachment-9836\" style=\"width: 300px\" class=\"wp-caption alignleft\"><a href=\"http:\/\/www.ecuadoraldia.com.ec\/wp-content\/uploads\/2015\/06\/vias.jpg\"><img loading=\"lazy\" decoding=\"async\" class=\"size-medium wp-image-9836\" src=\"http:\/\/www.ecuadoraldia.com.ec\/wp-content\/uploads\/2015\/06\/vias-300x204.jpg\" alt=\"REG TUNGURAHUA ACT SE MUY AFECTADA POR INVIERNO SEVERO DESDE SUS AFLUENTES COMO EL CHAMBO EN CHI POR EL SUR  I EL PATATE  POR EL NORTE AFECTANDO LAS VIAS ROBERTO CHAVEZ EL TELEGRAFO LA CUENCA DE EL PASTAZA\" width=\"300\" height=\"204\" srcset=\"https:\/\/www.ecuadoraldia.com.ec\/wp-content\/uploads\/2015\/06\/vias-300x204.jpg 300w, https:\/\/www.ecuadoraldia.com.ec\/wp-content\/uploads\/2015\/06\/vias.jpg 800w\" sizes=\"(max-width: 300px) 100vw, 300px\" \/><\/a><figcaption id=\"caption-attachment-9836\" class=\"wp-caption-text\">REG TUNGURAHUA ACT SE MUY AFECTADA POR INVIERNO SEVERO DESDE SUS AFLUENTES COMO EL CHAMBO EN CHI POR EL SUR I EL PATATE POR EL NORTE AFECTANDO LAS VIAS ROBERTO CHAVEZ EL TELEGRAFO LA CUENCA DE EL PASTAZA<\/figcaption><\/figure>\n<p style=\"text-align: justify;\">Dos de las parroquias m\u00e1s productivas de Ba\u00f1os de Agua Santa se encuentran en alerta debido al mal tiempo.<\/p>\n<p style=\"text-align: justify;\">En provincias como Loja, Zamora Chinchipe, Azuay, Sucumb\u00edos y Morona Santiago, los torrenciales aguaceros tambi\u00e9n causaron aludes que restringieron el paso de los veh\u00edculos en diferentes carreteras.<\/p>\n<p style=\"text-align: justify;\">La fuerte lluvia ca\u00edda la noche del jueves produjo deslaves en los caser\u00edos tungurahuenses de R\u00edo Negro y R\u00edo Verde, situados en la v\u00eda que conecta el cant\u00f3n con Pastaza.<\/p>\n<p style=\"text-align: justify;\">Marlon Guevara, alcalde de Ba\u00f1os, manifest\u00f3 que el temporal se ha convertido en un verdadero dolor de cabeza para las autoridades. \u201cNo sent\u00edamos un invierno tan fuerte desde hace 14 a\u00f1os. No par\u00f3 de llover ni un solo momento, por lo que se produjeron varios deslizamientos de tierra, lodo y vegetaci\u00f3n en varios tramos de esta importante v\u00eda\u201d, sostuvo.<\/p>\n<p style=\"text-align: justify;\">Desde hace 3 meses los gobiernos parroquiales de estas localidades, indic\u00f3, se mantienen trabajando para enfrentar la emergencia.<\/p>\n<p style=\"text-align: justify;\">El ECU-911 de Ambato inform\u00f3 ayer por la ma\u00f1ana sobre un derrumbe en el sector La Merced, en las inmediaciones de la tarabita conocida como \u2018El manto de la Novia\u2019.<\/p>\n<p style=\"text-align: justify;\">El incidente ocurri\u00f3 en la madrugada, aproximadamente a las 04:30, y produjo el cierre temporal del 50% de la v\u00eda. Polic\u00eda Nacional, Bomberos, maquinaria y personal municipal se hicieron presentes en el lugar para brindar el contingente necesario y limpiar la carretera.<\/p>\n<p style=\"text-align: justify;\">Hasta la tarde de ayer se esperaba desalojar todos los escombros. \u201cEl Municipio cuenta con buena maquinaria (tractores, camiones de traslado de material, palas, retroexcavadoras), y personal capacitado para limpiar las v\u00edas. El Comit\u00e9 de Operaciones de Emergencia (COE) cantonal est\u00e1 alerta las 24 horas para atender esta clase de incidentes\u201d, a\u00f1adi\u00f3 Guevara.<\/p>\n<p style=\"text-align: justify;\">No se reportaron da\u00f1os personales ni materiales. Por el momento, el turismo no es afectado, pues el flujo de visitantes del cant\u00f3n es normal.<\/p>\n<p style=\"text-align: justify;\">A las 09:30 se inform\u00f3 de otro deslizamiento, aunque de menor proporci\u00f3n, cerca del sector San Francisco, sin llegar a afectar el paso vehicular.<\/p>\n<p style=\"text-align: justify;\">En el resto del pa\u00eds<\/p>\n<p style=\"text-align: justify;\">En Sucumb\u00edos, las autoridades recomendaron tomar rutas alternas a los conductores que viajan por la carretera Baeza-Quito. Esta \u00faltima estuvo bloqueada durante varias horas, ayer, a consecuencia de los derrumbes.<\/p>\n<p style=\"text-align: justify;\">La opci\u00f3n que tienen los usuarios es viajar por la pista Baeza-Tena-Puyo-Ba\u00f1os-Ambato-Quito. El ECU-911 de Nueva Loja, tambi\u00e9n advirti\u00f3 de problemas sobre la calzada en la v\u00eda La Bonita-Tulc\u00e1n en el sector de Rosa Florida.<\/p>\n<p style=\"text-align: justify;\">Las carreteras Yangana-Zumba (Zamora), Macas-Lim\u00f3n-Cuenca y Paute\u2013Guarumales-M\u00e9ndez (Azuay), y la Vilcabamba-Bellavista (Loja), hasta el cierre de esta edici\u00f3n, ten\u00edan restricciones al paso. (Telegrafo)<\/p>\n","protected":false},"excerpt":{"rendered":"<p>Dos de las parroquias m\u00e1s productivas de Ba\u00f1os de Agua Santa se encuentran en alerta debido al mal tiempo. En<\/p>\n","protected":false},"author":1,"featured_media":0,"comment_status":"open","ping_status":"open","sticky":false,"template":"","format":"standard","meta":{"footnotes":""},"categories":[11],"tags":[],"_links":{"self":[{"href":"https:\/\/www.ecuadoraldia.com.ec\/index.php?rest_route=\/wp\/v2\/posts\/9835"}],"collection":[{"href":"https:\/\/www.ecuadoraldia.com.ec\/index.php?rest_route=\/wp\/v2\/posts"}],"about":[{"href":"https:\/\/www.ecuadoraldia.com.ec\/index.php?rest_route=\/wp\/v2\/types\/post"}],"author":[{"embeddable":true,"href":"https:\/\/www.ecuadoraldia.com.ec\/index.php?rest_route=\/wp\/v2\/users\/1"}],"replies":[{"embeddable":true,"href":"https:\/\/www.ecuadoraldia.com.ec\/index.php?rest_route=%2Fwp%2Fv2%2Fcomments&post=9835"}],"version-history":[{"count":1,"href":"https:\/\/www.ecuadoraldia.com.ec\/index.php?rest_route=\/wp\/v2\/posts\/9835\/revisions"}],"predecessor-version":[{"id":9837,"href":"https:\/\/www.ecuadoraldia.com.ec\/index.php?rest_route=\/wp\/v2\/posts\/9835\/revisions\/9837"}],"wp:attachment":[{"href":"https:\/\/www.ecuadoraldia.com.ec\/index.php?rest_route=%2Fwp%2Fv2%2Fmedia&parent=9835"}],"wp:term":[{"taxonomy":"category","embeddable":true,"href":"https:\/\/www.ecuadoraldia.com.ec\/index.php?rest_route=%2Fwp%2Fv2%2Fcategories&post=9835"},{"taxonomy":"post_tag","embeddable":true,"href":"https:\/\/www.ecuadoraldia.com.ec\/index.php?rest_route=%2Fwp%2Fv2%2Ftags&post=9835"}],"curies":[{"name":"wp","href":"https:\/\/api.w.org\/{rel}","templated":true}]}}