{"id":9841,"date":"2015-06-27T23:58:39","date_gmt":"2015-06-27T23:58:39","guid":{"rendered":"http:\/\/www.ecuadoraldia.com.ec\/?p=9841"},"modified":"2015-06-27T23:58:39","modified_gmt":"2015-06-27T23:58:39","slug":"el-trasfondo-del-discurso-de-jaime-nebot-es-derrocar-a-rafael-correa","status":"publish","type":"post","link":"https:\/\/www.ecuadoraldia.com.ec\/?p=9841","title":{"rendered":"\u00abEl trasfondo del discurso de Jaime Nebot es derrocar a Rafael Correa\u00bb"},"content":{"rendered":"<p style=\"text-align: justify;\"><a href=\"http:\/\/www.ecuadoraldia.com.ec\/wp-content\/uploads\/2015\/06\/nebot.jpg\"><img loading=\"lazy\" decoding=\"async\" class=\"alignleft size-medium wp-image-9842\" src=\"http:\/\/www.ecuadoraldia.com.ec\/wp-content\/uploads\/2015\/06\/nebot-300x220.jpg\" alt=\"nebot\" width=\"300\" height=\"220\" srcset=\"https:\/\/www.ecuadoraldia.com.ec\/wp-content\/uploads\/2015\/06\/nebot-300x220.jpg 300w, https:\/\/www.ecuadoraldia.com.ec\/wp-content\/uploads\/2015\/06\/nebot.jpg 301w\" sizes=\"(max-width: 300px) 100vw, 300px\" \/><\/a>El presidente Rafael Correa dijo ayer que nunca hab\u00eda visto al alcalde de Guayaquil, Jaime Nebot, tan exaltado. M\u00e1s all\u00e1 de las reacciones al largo discurso que ofreci\u00f3 al pie del Malec\u00f3n, las palabras del burgomaestre tienen particularidades. Desde que ocupa el Sill\u00f3n de Olmedo, Nebot ha evadido la pol\u00edtica nacional. Solo entra en la coyuntura pol\u00edtica si esta afecta a sus intereses en Guayaquil, pero ahora hay una diferencia, el Alcalde cambi\u00f3 de discurso y sus palabras parec\u00edan dirigirse a todo el pa\u00eds.<\/p>\n<p style=\"text-align: justify;\">En una de las partes de la intervenci\u00f3n, Nebot indic\u00f3: \u201cEse pa\u00eds no lo vamos a aceptar nunca jam\u00e1s porque ese no es Ecuador es Venezuela\u201d, en referencia al modelo equitativo que propone el Gobierno actual.<\/p>\n<p style=\"text-align: justify;\">Nebot dijo \u2018guayaquile\u00f1os\u2019, pero m\u00e1s mencion\u00f3 \u2018ecuatorianos\u2019. Utiliz\u00f3 palabras como \u2018Ecuador\u2019 o \u2018Patria\u2019, en un discurso muy similar al de un pol\u00edtico que aspira a la Presidencia de la Rep\u00fablica.<\/p>\n<p style=\"text-align: justify;\">Para el catedr\u00e1tico Felipe Burbano de Lara, Nebot se centr\u00f3 en los puntos de la agenda nacional en los cuales hay una discrepancia con la Revoluci\u00f3n Ciudadana. El analista pol\u00edtico opina que \u201cla propuesta de Nebot es contraponer una idea distinta de la econom\u00eda, de la generaci\u00f3n de riqueza, del trabajo, de una sociedad productiva, frente a este esquema estatizante que defiende la revoluci\u00f3n y que tiene en determinados momentos unas pulsiones anticapitalistas\u201d.<\/p>\n<p style=\"text-align: justify;\">Mientras que para el analista Mario Ramos, director del Centro Andino de Estudios Estrat\u00e9gicos, el discurso de Nebot fue agresivo y dirigido a generar emociones.<\/p>\n<p style=\"text-align: justify;\">Seg\u00fan su an\u00e1lisis, las palabras de Nebot no fueron pol\u00edticas, porque no present\u00f3 ninguna propuesta. \u201cEl trasfondo del discurso es derrocar a Rafael Correa, y no quiere que cumpla su periodo\u201d, agrega Ramos.<\/p>\n<p style=\"text-align: justify;\">Cr\u00edticas a la Senplades durante la intervenci\u00f3n<\/p>\n<p style=\"text-align: justify;\">En otro punto del discurso, Nebot calific\u00f3 de un \u201claboratorio de proyectos fracasados\u201d a la Secretar\u00eda Nacional de Planificaci\u00f3n y Desarrollo (Senplades), que ya exist\u00eda antes del actual Gobierno, y que fue fortalecida en estos \u00faltimos 8 a\u00f1os.<\/p>\n<p style=\"text-align: justify;\">Nebot mencion\u00f3, concretamente, a F\u00e1nder Falcon\u00ed, extitular de la Senplades y a Pabel Mu\u00f1oz, actual cabeza de esta entidad. Ellos, seg\u00fan el burgomaestre, son los responsables de los proyectos de ley que buscan combatir la desigualdad social.<\/p>\n<p style=\"text-align: justify;\">Mu\u00f1oz respond\u00eda en Radio Visi\u00f3n: \u201cAyer un personaje pol\u00edtico falt\u00f3 el respeto a los hombres y mujeres que trabajamos en la instituci\u00f3n. Nosotros somos los que conocemos qu\u00e9 es lo que pasa con la pobreza en Ecuador\u201d.<\/p>\n<p style=\"text-align: justify;\">Sobre la marcha asegur\u00f3 que \u201cla expresi\u00f3n del pueblo guayaquile\u00f1o es digna de escuchar y considerar, de todas maneras, hay que ver que estas fiestas democr\u00e1ticas nos llenan de energ\u00eda para hacer escuchar nuestras posiciones pol\u00edticas y me record\u00f3 mucho a la marcha que hicimos en noviembre en Guayaquil que tambi\u00e9n fue multitudinaria y creo que nuevamente hablando con franqueza el Alcalde de Guayaquil tiene peso en Guayaquil, as\u00ed como nosotros tenemos capacidad de convocatoria a nivel nacional\u201d.<\/p>\n<p style=\"text-align: justify;\">Para el analista Daniel Crespo, Nebot se aprovecha \u201cde que la labor planificadora se percibe como profundamente centralizada\u201d. Y agrega que el alcalde \u201cmantiene un car\u00e1cter localista y que le falta concreci\u00f3n\u201d, adem\u00e1s de apelar a las emociones.<\/p>\n<p style=\"text-align: justify;\">Uso de palabras que atentan contra las minor\u00edas<\/p>\n<p style=\"text-align: justify;\">Nuevamente el Alcalde hizo referencias a la hombr\u00eda en su discurso pol\u00edtico. \u201cHan falsificado, como lo hace mal el Presidente cuando habla con voz de hombre, mi voz\u201d.<\/p>\n<p style=\"text-align: justify;\">Para la activista de los grupos GLBTI, Diane Rodr\u00edguez, la expresi\u00f3n de Nebot denigra a las mujeres, pues ubica en el mismo nivel la fortaleza con la voz de hombre.<\/p>\n<p style=\"text-align: justify;\">Es como si una mujer no pudiera tener la capacidad para ocupar cargos de direcci\u00f3n pol\u00edtica. Por eso Rodr\u00edguez, que hoy liderar\u00e1 la marcha del Orgullo GLBTI, en el puerto principal, dice que estos discursos de odio deben ser desterrados de la pol\u00edtica. Aunque no lo quiera, agrega la activista, el discurso del Alcalde \u201cfomenta la discriminaci\u00f3n y el odio hacia la mujer y las minor\u00edas sexuales\u201d.<\/p>\n<p style=\"text-align: justify;\">Ella ahora se pregunta \u201c\u00bfqu\u00e9 pasar\u00eda si el Presidente tuviese voz de mujer? \u00bfAfectar\u00eda eso su desempe\u00f1o?\u201d.<\/p>\n<p style=\"text-align: justify;\">DATOS<\/p>\n<p style=\"text-align: justify;\">Un periodista y un camar\u00f3grafo de la agencia Andes fueron expulsados de la concentraci\u00f3n organizada por opositores al gobierno en la avenida de Los Shyris, al norte de Quito, donde un grupo de manifestantes propin\u00f3 agresiones verbales y hasta f\u00edsicas al equipo para impedir que realice su trabajo.<\/p>\n<p style=\"text-align: justify;\">\u201cEst\u00e1bamos cumpliendo con nuestro trabajo, nos acercamos a hacer unas im\u00e1genes de la protesta para informar sobre los hechos noticiosos. Un se\u00f1or se acerc\u00f3 para que no le grabe, y acced\u00ed, me alej\u00e9 un rato del grupo, y luego una se\u00f1ora se me acerca, me dice que soy del gobierno, que soy un borrego, que fuera Correa\u201d, se\u00f1al\u00f3 Jos\u00e9 Vargas, camar\u00f3grafo de Andes. Im\u00e1genes registradas por el equipo de la agencia muestran c\u00f3mo algunos de los manifestantes intentan a la fuerza tapar la c\u00e1mara. (El tel\u00e9grafo)<\/p>\n","protected":false},"excerpt":{"rendered":"<p>El presidente Rafael Correa dijo ayer que nunca hab\u00eda visto al alcalde de Guayaquil, Jaime Nebot, tan exaltado. M\u00e1s all\u00e1<\/p>\n","protected":false},"author":1,"featured_media":0,"comment_status":"open","ping_status":"open","sticky":false,"template":"","format":"standard","meta":{"footnotes":""},"categories":[3],"tags":[],"_links":{"self":[{"href":"https:\/\/www.ecuadoraldia.com.ec\/index.php?rest_route=\/wp\/v2\/posts\/9841"}],"collection":[{"href":"https:\/\/www.ecuadoraldia.com.ec\/index.php?rest_route=\/wp\/v2\/posts"}],"about":[{"href":"https:\/\/www.ecuadoraldia.com.ec\/index.php?rest_route=\/wp\/v2\/types\/post"}],"author":[{"embeddable":true,"href":"https:\/\/www.ecuadoraldia.com.ec\/index.php?rest_route=\/wp\/v2\/users\/1"}],"replies":[{"embeddable":true,"href":"https:\/\/www.ecuadoraldia.com.ec\/index.php?rest_route=%2Fwp%2Fv2%2Fcomments&post=9841"}],"version-history":[{"count":1,"href":"https:\/\/www.ecuadoraldia.com.ec\/index.php?rest_route=\/wp\/v2\/posts\/9841\/revisions"}],"predecessor-version":[{"id":9843,"href":"https:\/\/www.ecuadoraldia.com.ec\/index.php?rest_route=\/wp\/v2\/posts\/9841\/revisions\/9843"}],"wp:attachment":[{"href":"https:\/\/www.ecuadoraldia.com.ec\/index.php?rest_route=%2Fwp%2Fv2%2Fmedia&parent=9841"}],"wp:term":[{"taxonomy":"category","embeddable":true,"href":"https:\/\/www.ecuadoraldia.com.ec\/index.php?rest_route=%2Fwp%2Fv2%2Fcategories&post=9841"},{"taxonomy":"post_tag","embeddable":true,"href":"https:\/\/www.ecuadoraldia.com.ec\/index.php?rest_route=%2Fwp%2Fv2%2Ftags&post=9841"}],"curies":[{"name":"wp","href":"https:\/\/api.w.org\/{rel}","templated":true}]}}