{"id":9844,"date":"2015-06-28T00:00:12","date_gmt":"2015-06-28T00:00:12","guid":{"rendered":"http:\/\/www.ecuadoraldia.com.ec\/?p=9844"},"modified":"2015-06-28T00:00:12","modified_gmt":"2015-06-28T00:00:12","slug":"deslizamiento-de-ladera-afecta-a-41-viviendas-de-oyacachi-y-obliga-a-evacuar-a-200-personas","status":"publish","type":"post","link":"https:\/\/www.ecuadoraldia.com.ec\/?p=9844","title":{"rendered":"Deslizamiento de ladera afecta a 41 viviendas de Oyacachi y obliga a evacuar a 200 personas"},"content":{"rendered":"<figure id=\"attachment_9845\" aria-describedby=\"caption-attachment-9845\" style=\"width: 272px\" class=\"wp-caption alignleft\"><a href=\"http:\/\/www.ecuadoraldia.com.ec\/wp-content\/uploads\/2015\/06\/oyacachi.jpg\"><img loading=\"lazy\" decoding=\"async\" class=\"size-full wp-image-9845\" src=\"http:\/\/www.ecuadoraldia.com.ec\/wp-content\/uploads\/2015\/06\/oyacachi.jpg\" alt=\"DESLAVA EN OYACACHI\" width=\"272\" height=\"181\" \/><\/a><figcaption id=\"caption-attachment-9845\" class=\"wp-caption-text\">DESLAVA EN OYACACHI<\/figcaption><\/figure>\n<p style=\"text-align: justify;\">Elementos de los diferentes cuerpos de socorro se movilizaron desde la noche de ayer viernes y todo el d\u00eda de hoy s\u00e1bado para atender una emergencia registrada tras un deslizamiento de tierra ocurrido en la comunidad de Oyacachi, en el cant\u00f3n Chaco, provincia de Napo, en donde 41 viviendas resultado afectadas, de las cuales, 15 fueron arrasadas totalmente por el lodo, piedra y tierra.<\/p>\n<p style=\"text-align: justify;\">El presidente de la Junta Parroquial de Oyacachi, Michael Pari\u00f3n, dijo que si bien el deslizamiento de una ladera afect\u00f3 a cerca de medio centenar de casas, no se registraron fallecidos ni heridos, aunque 200 de los 650 habitantes de la zona debieron ser evacuados.<\/p>\n<p style=\"text-align: justify;\">Las p\u00e9rdidas materiales son cuantiosas, especialmente para quienes habitaban los alrededores de la quebrada Chushijsacha.<\/p>\n<p style=\"text-align: justify;\">A Oyacachi se ingresa por dos puntos: por la v\u00eda Guachal\u00e1, por Cayambe, y por la parroquia de Papallacta, situadas al norte y oriente de la provincia de Pichincha, respectivamente.<\/p>\n<p style=\"text-align: justify;\">Y es que Oyacachi se ubica en la vertiente oriental de la Cordillera de los Andes, dentro de la Reserva Ecol\u00f3gica Cayambe-Coca, entre las poblaciones de Baeza y Papallacta.<\/p>\n<p style=\"text-align: justify;\">Seg\u00fan Fabricio Echeverr\u00eda, Coordinador Zonal 9 de la Secretar\u00eda de Gesti\u00f3n de Riesgos, esta sector monta\u00f1oso y rodeado de quebradas est\u00e1 conformado por dep\u00f3sitos volc\u00e1nicos y suelos arcillosos, lo que hace que el agua se acumule, provoque fisuras en el suelo y cause aluviones.<\/p>\n<p style=\"text-align: justify;\">Al sitio acudi\u00f3 personal del Cuerpo de Bomberos, Polic\u00eda Nacional y del Grupo de Operaciones Especiales (GOE) de Cayambe y de Quito, as\u00ed como miembros de la Secretar\u00eda de Gesti\u00f3n de Riesgos y del Comit\u00e9 de Operaciones de Emergencia (COE) Metropolitano.<\/p>\n<p style=\"text-align: justify;\">Varias carpas de instalaron cerca de la iglesia de Cangahua, en el cant\u00f3n Cayambe, para acoger a las familias damnificadas, quienes especialmente se dedicaban a la actividad pecuaria: producci\u00f3n de carne, leche y queso, as\u00ed como al ecoturismo, a la elaboraci\u00f3n de artesan\u00edas en madera y a la piscicultura. Sin embargo, se analiza levantar albergues adecuados en establecimientos educativos y casas comunales de las parroquias rurales de Cangahua y San Antonio.<\/p>\n<p style=\"text-align: justify;\">El alud del viernes \u00faltimo ha sido el m\u00e1s fuerte, pues otro derrumbe que se registr\u00f3 el 20 de febrero pasado no dej\u00f3 viviendas ni personas afectadas. Ocurri\u00f3 en una quebrada ubicada a 200 metros de la comunidad de Llullucha.<\/p>\n<p style=\"text-align: justify;\">Echeverr\u00eda a\u00f1adi\u00f3 que para evitar una mayor tragedia, est\u00e1n pensando en un plan estrat\u00e9gico a mediano plazo o, incluso, considerando la reubicaci\u00f3n de la comunidad, conformada por 650 habitantes, con alrededor de 200 casas.<\/p>\n<p style=\"text-align: justify;\">\u201cEl lodo se llev\u00f3 todo\u201d<\/p>\n<p style=\"text-align: justify;\">Un total de 22 familias lo perdieron todo. Uno de esos casos es el de Agust\u00edn P., de 39 a\u00f1os, quien desde hace 8 a\u00f1os se dedica al criadero de truchas. Ten\u00eda 22.000 peces en 7 piscinas, pero \u201cel lodo lo arras\u00f3 y enterr\u00f3 todo\u201d y quedaron vivas apenas 200 truchas. Adem\u00e1s, la casa y bodega que ten\u00eda cerca a las piscinas fue totalmente destruida. En medio del desconcierto recod\u00f3 que hace 8 a\u00f1os ocurri\u00f3 algo similar.<\/p>\n<p style=\"text-align: justify;\">Otras familias no resultaron afectadas, pero est\u00e1n tan asustadas que pidieron ser evacuadas o decidieron abandonar la zona por sus propios medios. Uno de esos casos es Susana Fern\u00e1ndez, quien envolvi\u00f3 algo de ropa en varias s\u00e1banas y se march\u00f3: \u201cTengo miedo que nos pase algo, por eso llev\u00e9 a mis dos hijos a Cangahua\u201d, cont\u00f3 a EL TEL\u00c9GRAFO.<\/p>\n<p style=\"text-align: justify;\">Otros habitantes, en medio de una pertinaz lluvia, cruzaban por las calles llenas de lodo y huecos tratando de poner a buen recaudo los pocos enseres que lograron rescatar.<\/p>\n<p style=\"text-align: justify;\">En cambio, camionetas de la Secretar\u00eda de Riesgos llegaban con colchones, frazadas y material de aseo para repartirlo entre los damnificados. (El telegrafo)<\/p>\n","protected":false},"excerpt":{"rendered":"<p>Elementos de los diferentes cuerpos de socorro se movilizaron desde la noche de ayer viernes y todo el d\u00eda de<\/p>\n","protected":false},"author":1,"featured_media":0,"comment_status":"open","ping_status":"open","sticky":false,"template":"","format":"standard","meta":{"footnotes":""},"categories":[1],"tags":[],"_links":{"self":[{"href":"https:\/\/www.ecuadoraldia.com.ec\/index.php?rest_route=\/wp\/v2\/posts\/9844"}],"collection":[{"href":"https:\/\/www.ecuadoraldia.com.ec\/index.php?rest_route=\/wp\/v2\/posts"}],"about":[{"href":"https:\/\/www.ecuadoraldia.com.ec\/index.php?rest_route=\/wp\/v2\/types\/post"}],"author":[{"embeddable":true,"href":"https:\/\/www.ecuadoraldia.com.ec\/index.php?rest_route=\/wp\/v2\/users\/1"}],"replies":[{"embeddable":true,"href":"https:\/\/www.ecuadoraldia.com.ec\/index.php?rest_route=%2Fwp%2Fv2%2Fcomments&post=9844"}],"version-history":[{"count":1,"href":"https:\/\/www.ecuadoraldia.com.ec\/index.php?rest_route=\/wp\/v2\/posts\/9844\/revisions"}],"predecessor-version":[{"id":9846,"href":"https:\/\/www.ecuadoraldia.com.ec\/index.php?rest_route=\/wp\/v2\/posts\/9844\/revisions\/9846"}],"wp:attachment":[{"href":"https:\/\/www.ecuadoraldia.com.ec\/index.php?rest_route=%2Fwp%2Fv2%2Fmedia&parent=9844"}],"wp:term":[{"taxonomy":"category","embeddable":true,"href":"https:\/\/www.ecuadoraldia.com.ec\/index.php?rest_route=%2Fwp%2Fv2%2Fcategories&post=9844"},{"taxonomy":"post_tag","embeddable":true,"href":"https:\/\/www.ecuadoraldia.com.ec\/index.php?rest_route=%2Fwp%2Fv2%2Ftags&post=9844"}],"curies":[{"name":"wp","href":"https:\/\/api.w.org\/{rel}","templated":true}]}}