{"id":9847,"date":"2015-06-28T00:01:26","date_gmt":"2015-06-28T00:01:26","guid":{"rendered":"http:\/\/www.ecuadoraldia.com.ec\/?p=9847"},"modified":"2015-06-28T00:01:26","modified_gmt":"2015-06-28T00:01:26","slug":"ecuador-tuvo-un-3-de-crecimiento-en-su-pib-en-el-primer-trimestre-de-2015","status":"publish","type":"post","link":"https:\/\/www.ecuadoraldia.com.ec\/?p=9847","title":{"rendered":"Ecuador tuvo un 3% de crecimiento en su PIB en el primer trimestre de 2015"},"content":{"rendered":"<p style=\"text-align: justify;\"><a href=\"http:\/\/www.ecuadoraldia.com.ec\/wp-content\/uploads\/2015\/06\/rcdenlace.jpg\"><img loading=\"lazy\" decoding=\"async\" class=\"alignleft size-medium wp-image-9848\" src=\"http:\/\/www.ecuadoraldia.com.ec\/wp-content\/uploads\/2015\/06\/rcdenlace-300x174.jpg\" alt=\"rcdenlace\" width=\"300\" height=\"174\" srcset=\"https:\/\/www.ecuadoraldia.com.ec\/wp-content\/uploads\/2015\/06\/rcdenlace-300x174.jpg 300w, https:\/\/www.ecuadoraldia.com.ec\/wp-content\/uploads\/2015\/06\/rcdenlace.jpg 437w\" sizes=\"(max-width: 300px) 100vw, 300px\" \/><\/a>El presidente de la Rep\u00fablica, Rafael Correa, inform\u00f3 hoy, en su Enlace Ciudadano, que durante el primer trimestre de este a\u00f1o el pa\u00eds tuvo un crecimiento del 3% del Producto Interno Bruto (PIB), a pesar del \u00aba\u00f1o econ\u00f3mico duro\u00bb que ha tenido Ecuador debido a la ca\u00edda del precio del petr\u00f3leo y del fortalecimiento del d\u00f3lar a nivel mundial.<\/p>\n<p style=\"text-align: justify;\">El gobernante explic\u00f3 que el pa\u00eds hubiera tenido \u00edndices m\u00e1s altos de crecimiento, pero la ca\u00edda del petr\u00f3leo golpe\u00f3 este aumento. Seg\u00fan Correa, el PIB no petrolero -que responde a las pol\u00edticas del Gobierno- tuvo un crecimiento del 3,5%, mientras que el petolero decreci\u00f3 un 2%.<\/p>\n<p style=\"text-align: justify;\">Los sectores que m\u00e1s crecimiento reportaron durante los 3 primeros meses del a\u00f1o fueron las de suministros de electrecidad y agua (12,1%), administraci\u00f3n p\u00fablico y defensa (8,5%), actividades de servicios financieros (7%), actividades profesionales (6,7%) entre otros. (El telegrafo)<\/p>\n","protected":false},"excerpt":{"rendered":"<p>El presidente de la Rep\u00fablica, Rafael Correa, inform\u00f3 hoy, en su Enlace Ciudadano, que durante el primer trimestre de este<\/p>\n","protected":false},"author":1,"featured_media":0,"comment_status":"open","ping_status":"open","sticky":false,"template":"","format":"standard","meta":{"footnotes":""},"categories":[1],"tags":[],"_links":{"self":[{"href":"https:\/\/www.ecuadoraldia.com.ec\/index.php?rest_route=\/wp\/v2\/posts\/9847"}],"collection":[{"href":"https:\/\/www.ecuadoraldia.com.ec\/index.php?rest_route=\/wp\/v2\/posts"}],"about":[{"href":"https:\/\/www.ecuadoraldia.com.ec\/index.php?rest_route=\/wp\/v2\/types\/post"}],"author":[{"embeddable":true,"href":"https:\/\/www.ecuadoraldia.com.ec\/index.php?rest_route=\/wp\/v2\/users\/1"}],"replies":[{"embeddable":true,"href":"https:\/\/www.ecuadoraldia.com.ec\/index.php?rest_route=%2Fwp%2Fv2%2Fcomments&post=9847"}],"version-history":[{"count":1,"href":"https:\/\/www.ecuadoraldia.com.ec\/index.php?rest_route=\/wp\/v2\/posts\/9847\/revisions"}],"predecessor-version":[{"id":9849,"href":"https:\/\/www.ecuadoraldia.com.ec\/index.php?rest_route=\/wp\/v2\/posts\/9847\/revisions\/9849"}],"wp:attachment":[{"href":"https:\/\/www.ecuadoraldia.com.ec\/index.php?rest_route=%2Fwp%2Fv2%2Fmedia&parent=9847"}],"wp:term":[{"taxonomy":"category","embeddable":true,"href":"https:\/\/www.ecuadoraldia.com.ec\/index.php?rest_route=%2Fwp%2Fv2%2Fcategories&post=9847"},{"taxonomy":"post_tag","embeddable":true,"href":"https:\/\/www.ecuadoraldia.com.ec\/index.php?rest_route=%2Fwp%2Fv2%2Ftags&post=9847"}],"curies":[{"name":"wp","href":"https:\/\/api.w.org\/{rel}","templated":true}]}}