{"id":9850,"date":"2015-06-28T00:05:29","date_gmt":"2015-06-28T00:05:29","guid":{"rendered":"http:\/\/www.ecuadoraldia.com.ec\/?p=9850"},"modified":"2015-06-28T00:05:29","modified_gmt":"2015-06-28T00:05:29","slug":"terrorifico-incendio-en-una-fiesta-de-taiwan-deja-cientos-de-heridos","status":"publish","type":"post","link":"https:\/\/www.ecuadoraldia.com.ec\/?p=9850","title":{"rendered":"Terror\u00edfico incendio en una fiesta de Taiwan deja cientos de heridos"},"content":{"rendered":"<p><a href=\"http:\/\/www.ecuadoraldia.com.ec\/wp-content\/uploads\/2015\/06\/incndio.jpg\"><img loading=\"lazy\" decoding=\"async\" class=\"alignleft size-medium wp-image-9851\" src=\"http:\/\/www.ecuadoraldia.com.ec\/wp-content\/uploads\/2015\/06\/incndio-300x168.jpg\" alt=\"incndio\" width=\"300\" height=\"168\" srcset=\"https:\/\/www.ecuadoraldia.com.ec\/wp-content\/uploads\/2015\/06\/incndio-300x168.jpg 300w, https:\/\/www.ecuadoraldia.com.ec\/wp-content\/uploads\/2015\/06\/incndio.jpg 431w\" sizes=\"(max-width: 300px) 100vw, 300px\" \/><\/a>Los asistentes al show en un parque de atracciones fueron rociados por un polvo que hizo combusti\u00f3n y los convirti\u00f3 en antorchas humanas<\/p>\n<p style=\"text-align: justify;\">M\u00e1s de 200 personas resultaron heridas, entre ellas 81 de gravedad, este s\u00e1bado en un parque de atracciones acu\u00e1ticas en las afueras de Taipei, la capital, al encenderse un polvo con el que se roci\u00f3 a la multitud durante un espect\u00e1culo, indicaron funcionarios.<\/p>\n<p style=\"text-align: justify;\">\u00abLo que entendemos es que la explosi\u00f3n y el fuego ocurri\u00f3 luego de que se lanzara ese polvo&#8230; Tal vez se debi\u00f3 al calor de las luces en el escenario\u00bb, dijo un vocero del departamento de bomberos de la Nueva ciudad de Taipei, y a\u00f1adi\u00f3 que 205 personas fueron hospitalizadas, entre ellas 81 heridas de gravedad.<\/p>\n<p style=\"text-align: justify;\">La explosi\u00f3n sucedi\u00f3 durante un espect\u00e1culo en el parque acu\u00e1tico de Fun Coast.<\/p>\n<p style=\"text-align: justify;\">Las im\u00e1genes televisivas mostraron el escenario en llamas, y gente que hu\u00eda, algunos de ellos en ba\u00f1ador y cubiertos con un polvo de colores.<\/p>\n<p style=\"text-align: justify;\">El incendio pudo ser controlado r\u00e1pidamente, informaron las fuentes oficiales.<\/p>\n<p style=\"text-align: justify;\">\u00abAL PRINCIPIO PENS\u00c9 QUE ERA PARTE DE LOS EFECTOS ESPECIALES DE LA FIESTA, PERO LUEGO ME D\u00cd CUENTA QUE ALGO MALO PASABA\u00bb<\/p>\n<p style=\"text-align: justify;\">Un testigo presencial dijo a la cadena televisiva local CTI: \u00abEmpez\u00f3 en la parte izquierda del escenario. Al principio pens\u00e9 que era parte de los efectos especiales de la fiesta, pero luego me d\u00ed cuenta que algo malo pasaba y la gente empez\u00f3 a gritar y a correr\u00bb. (AP)<\/p>\n","protected":false},"excerpt":{"rendered":"<p>Los asistentes al show en un parque de atracciones fueron rociados por un polvo que hizo combusti\u00f3n y los convirti\u00f3<\/p>\n","protected":false},"author":1,"featured_media":0,"comment_status":"open","ping_status":"open","sticky":false,"template":"","format":"standard","meta":{"footnotes":""},"categories":[7],"tags":[],"_links":{"self":[{"href":"https:\/\/www.ecuadoraldia.com.ec\/index.php?rest_route=\/wp\/v2\/posts\/9850"}],"collection":[{"href":"https:\/\/www.ecuadoraldia.com.ec\/index.php?rest_route=\/wp\/v2\/posts"}],"about":[{"href":"https:\/\/www.ecuadoraldia.com.ec\/index.php?rest_route=\/wp\/v2\/types\/post"}],"author":[{"embeddable":true,"href":"https:\/\/www.ecuadoraldia.com.ec\/index.php?rest_route=\/wp\/v2\/users\/1"}],"replies":[{"embeddable":true,"href":"https:\/\/www.ecuadoraldia.com.ec\/index.php?rest_route=%2Fwp%2Fv2%2Fcomments&post=9850"}],"version-history":[{"count":1,"href":"https:\/\/www.ecuadoraldia.com.ec\/index.php?rest_route=\/wp\/v2\/posts\/9850\/revisions"}],"predecessor-version":[{"id":9852,"href":"https:\/\/www.ecuadoraldia.com.ec\/index.php?rest_route=\/wp\/v2\/posts\/9850\/revisions\/9852"}],"wp:attachment":[{"href":"https:\/\/www.ecuadoraldia.com.ec\/index.php?rest_route=%2Fwp%2Fv2%2Fmedia&parent=9850"}],"wp:term":[{"taxonomy":"category","embeddable":true,"href":"https:\/\/www.ecuadoraldia.com.ec\/index.php?rest_route=%2Fwp%2Fv2%2Fcategories&post=9850"},{"taxonomy":"post_tag","embeddable":true,"href":"https:\/\/www.ecuadoraldia.com.ec\/index.php?rest_route=%2Fwp%2Fv2%2Ftags&post=9850"}],"curies":[{"name":"wp","href":"https:\/\/api.w.org\/{rel}","templated":true}]}}