{"id":9853,"date":"2015-06-29T12:20:27","date_gmt":"2015-06-29T12:20:27","guid":{"rendered":"http:\/\/www.ecuadoraldia.com.ec\/?p=9853"},"modified":"2015-06-29T12:20:27","modified_gmt":"2015-06-29T12:20:27","slug":"gobierno-recibe-masivo-respaldo-de-los-choferes","status":"publish","type":"post","link":"https:\/\/www.ecuadoraldia.com.ec\/?p=9853","title":{"rendered":"Gobierno recibe masivo respaldo de los choferes"},"content":{"rendered":"<p><a href=\"http:\/\/www.ecuadoraldia.com.ec\/wp-content\/uploads\/2015\/06\/29-06-15-choferes.jpg\"><img loading=\"lazy\" decoding=\"async\" class=\"alignleft size-full wp-image-9854\" src=\"http:\/\/www.ecuadoraldia.com.ec\/wp-content\/uploads\/2015\/06\/29-06-15-choferes.jpg\" alt=\"29-06-15-choferes\" width=\"280\" height=\"194\" \/><\/a>Cerca de 6 mil personas festejaron el s\u00e1bado en Manta el d\u00eda del Chofer Profesional. El evento fue organizado por el gremio y el invitado especial fue el presidente de la Rep\u00fablica, Rafael Correa.<\/p>\n<p style=\"text-align: justify;\">El hecho de que el pa\u00eds cuente con las mejores carreteras de la historia es uno de los argumentos principales para que los conductores est\u00e9n agradecidos con Correa. As\u00ed lo destac\u00f3 V\u00edctor Chiriboga, en representaci\u00f3n del Sindicato de Choferes de Manta. El secretario de la entidad ratific\u00f3 el apoyo de sus compa\u00f1eros de esa ciudad al Gobierno de la Revoluci\u00f3n Ciudadana, por las pol\u00edticas p\u00fablicas y obras realizadas en beneficio de su gremio, as\u00ed como de la ciudadan\u00eda en general.<\/p>\n<p style=\"text-align: justify;\">Al referirse a las carreteras resalt\u00f3 que esto les permite ejercer su actividad sin dificultades y de forma segura. Adem\u00e1s precis\u00f3 que con los avances en la seguridad ciudadana, los choferes ya no son presa f\u00e1cil de los delincuentes, recalc\u00f3.<\/p>\n<p style=\"text-align: justify;\">El profesional del volante manifest\u00f3 que a esto se suma el beneficio de los programas estatales enfocados espec\u00edficamente en los conductores, como es el Plan Renova, ya que gracias a este han podido cambiar y modernizar las unidades en las que prestan el servicio de transporte p\u00fablico.<\/p>\n<p style=\"text-align: justify;\">De acuerdo con datos oficiales, en el pa\u00eds existen 21.400 unidades de transporte p\u00fablico entre todas las modalidades, por ello, en su discurso el Jefe de Estado destac\u00f3 lo fundamental de la actividad productiva que realizan estos ciudadanos y lo importante que es para el desarrollo del Ecuador.<\/p>\n<p style=\"text-align: justify;\">Adicionalmente, durante su intervenci\u00f3n mencion\u00f3 que en el pa\u00eds triunfar\u00e1n la democracia, la legalidad y las grandes mayor\u00edas.<\/p>\n<p style=\"text-align: justify;\">El mandatario record\u00f3 a los asistentes que el sector de los transportistas es estrat\u00e9gico en la estructura productiva del pa\u00eds, sin embargo, nunca ha formado parte de las grandes c\u00e1maras de la producci\u00f3n del Ecuador. \u201cEso demuestra bien c\u00f3mo la representaci\u00f3n ha estado en manos de unos cuantos y no de la mayor\u00eda\u201d, reflexion\u00f3 el Primer Mandatario. (El tel\u00e9grafo)<\/p>\n","protected":false},"excerpt":{"rendered":"<p>Cerca de 6 mil personas festejaron el s\u00e1bado en Manta el d\u00eda del Chofer Profesional. El evento fue organizado por<\/p>\n","protected":false},"author":1,"featured_media":0,"comment_status":"open","ping_status":"open","sticky":false,"template":"","format":"standard","meta":{"footnotes":""},"categories":[11],"tags":[],"_links":{"self":[{"href":"https:\/\/www.ecuadoraldia.com.ec\/index.php?rest_route=\/wp\/v2\/posts\/9853"}],"collection":[{"href":"https:\/\/www.ecuadoraldia.com.ec\/index.php?rest_route=\/wp\/v2\/posts"}],"about":[{"href":"https:\/\/www.ecuadoraldia.com.ec\/index.php?rest_route=\/wp\/v2\/types\/post"}],"author":[{"embeddable":true,"href":"https:\/\/www.ecuadoraldia.com.ec\/index.php?rest_route=\/wp\/v2\/users\/1"}],"replies":[{"embeddable":true,"href":"https:\/\/www.ecuadoraldia.com.ec\/index.php?rest_route=%2Fwp%2Fv2%2Fcomments&post=9853"}],"version-history":[{"count":1,"href":"https:\/\/www.ecuadoraldia.com.ec\/index.php?rest_route=\/wp\/v2\/posts\/9853\/revisions"}],"predecessor-version":[{"id":9855,"href":"https:\/\/www.ecuadoraldia.com.ec\/index.php?rest_route=\/wp\/v2\/posts\/9853\/revisions\/9855"}],"wp:attachment":[{"href":"https:\/\/www.ecuadoraldia.com.ec\/index.php?rest_route=%2Fwp%2Fv2%2Fmedia&parent=9853"}],"wp:term":[{"taxonomy":"category","embeddable":true,"href":"https:\/\/www.ecuadoraldia.com.ec\/index.php?rest_route=%2Fwp%2Fv2%2Fcategories&post=9853"},{"taxonomy":"post_tag","embeddable":true,"href":"https:\/\/www.ecuadoraldia.com.ec\/index.php?rest_route=%2Fwp%2Fv2%2Ftags&post=9853"}],"curies":[{"name":"wp","href":"https:\/\/api.w.org\/{rel}","templated":true}]}}