{"id":9858,"date":"2015-06-29T18:39:13","date_gmt":"2015-06-29T18:39:13","guid":{"rendered":"http:\/\/www.ecuadoraldia.com.ec\/?p=9858"},"modified":"2015-06-29T18:40:21","modified_gmt":"2015-06-29T18:40:21","slug":"correa-plantea-crear-la-corte-internacional-de-justicia-ambiental","status":"publish","type":"post","link":"https:\/\/www.ecuadoraldia.com.ec\/?p=9858","title":{"rendered":"Correa plantea crear la Corte Internacional de Justicia Ambiental"},"content":{"rendered":"<figure id=\"attachment_9859\" aria-describedby=\"caption-attachment-9859\" style=\"width: 300px\" class=\"wp-caption alignleft\"><a href=\"http:\/\/www.ecuadoraldia.com.ec\/wp-content\/uploads\/2015\/06\/rafacel-co.jpg\"><img loading=\"lazy\" decoding=\"async\" class=\"size-medium wp-image-9859\" src=\"http:\/\/www.ecuadoraldia.com.ec\/wp-content\/uploads\/2015\/06\/rafacel-co-300x157.jpg\" alt=\"ACT CONFERFENCIA INTERNACIONAL DE DESARROLLO SOSTENIBLE. EN LA SEDE DE LA UNASUR CON  LA PRESENCIA DEL PRESIDENTE RAFAEL CORREA DANIEL MOLINEROS \/ EL TELEGRAFO\" width=\"300\" height=\"157\" srcset=\"https:\/\/www.ecuadoraldia.com.ec\/wp-content\/uploads\/2015\/06\/rafacel-co-300x157.jpg 300w, https:\/\/www.ecuadoraldia.com.ec\/wp-content\/uploads\/2015\/06\/rafacel-co.jpg 640w\" sizes=\"(max-width: 300px) 100vw, 300px\" \/><\/a><figcaption id=\"caption-attachment-9859\" class=\"wp-caption-text\">\u00a0CONFERFENCIA INTERNACIONAL DE DESARROLLO SOSTENIBLE. EN \u00a0UNASUR CON LA PRESENCIA DEL PRESIDENTE RAFAEL CORREA<\/p>\n<p><\/figcaption><\/figure>\n<p style=\"text-align: justify;\">El presidente de Ecuador, Rafael Correa, hizo un llamado a la comunidad mundial a crear la Corte Internacional de Justicia Ambiental con el objetivo de reforzar la lucha que mantienen las naciones, sobre todo las del hemisferio sur, contra el cambio clim\u00e1tico.<\/p>\n<p style=\"text-align: justify;\">En el marco de la Conferencia de Desarrollo Sostenible, que se efect\u00faa en la Sede de Unasur, ubicada en el noroccidente de Quito, el mandatario ecuatoriano record\u00f3 que \u00abel mundo rico est\u00e1 en deuda con los pa\u00edses del sur\u00bb. \u00abHace m\u00e1s de 20 a\u00f1os y desde Sudam\u00e9rica se viene argumentando que los pa\u00edses del norte mantienen una deuda por el consumo de recursos naturales, por la contaminaci\u00f3n y el consumo de los bienes ambientales producidos en el sur, por la biopirater\u00eda, por el cambio clim\u00e1tico, por los servicios ambientales gratuitos o no valorados en forma monetaria que entregan los pa\u00edses del sur, por la venta de productos primarios, por el aire que se respira que es producida por nuestra selva amaz\u00f3nica\u00bb, enumer\u00f3 Correa.<\/p>\n<p style=\"text-align: justify;\">El jefe de Estado lament\u00f3 que a pesar que desde el sur se ha debatido y hasta cuantificado esta deuda, no se haya avanzado en una reparaci\u00f3n. \u00abLas naciones del sur tenemos una deuda financiera con el mundo rico, pero al mismo tiempo somos acreedores de la deuda ecol\u00f3gica\u00bb, se\u00f1al\u00f3.<\/p>\n<p style=\"text-align: justify;\">Ante esta situaci\u00f3n, el gobernante ecuatoriano llam\u00f3 a la comunidad internacional a conformar una Corte Internacional de Justicia Ambiental \u00abmediante un tratado vinculante entre los pa\u00edses que est\u00e9n dispuestos a avanzar seriamente en la lucha contra el cambio clim\u00e1tico\u00bb.<\/p>\n<p style=\"text-align: justify;\">Durante su intervenci\u00f3n, el Jefe de Estado se\u00f1al\u00f3 que en Am\u00e9rica Latina hay grandes contradicciones. \u00abSomos el continente m\u00e1s desigual del planeta y nos llamamos el m\u00e1s cristiano, algo no calza\u00bb, dijo.<\/p>\n<p style=\"text-align: justify;\">El Mandatario sostuvo que la pobreza no solo es un problema en el Ecuador y Am\u00e9rica Latina y que tampoco es fruto de la falta de recursos, \u00absino de la desigualdad y la exclusi\u00f3n\u00bb.<\/p>\n<p style=\"text-align: justify;\">Detall\u00f3 que con la producci\u00f3n que actualmente tiene Am\u00e9rica Latina, \u00abpodr\u00edamos eliminar la pobreza con una mayor redistribuci\u00f3n\u00bb.<\/p>\n<p style=\"text-align: justify;\">A criterio de Correa, el problema de la desigualdad es tambi\u00e9n pol\u00edtico, porque puso como ejemplo a los grandes grupos econ\u00f3micos que, por ejemplo, en el Ecuador se pusieron en contra de las leyes de Herencia y Plusval\u00eda. Record\u00f3 que son grupos, que representan menos del 2% y acumulan el 90% de las empresas. \u00abRealizan un boicot econ\u00f3mico, condicionan al gobierno. Pero, tengan la seguridad que hay aqu\u00ed gente de buena voluntad, tratando de lograr un pa\u00eds m\u00e1s justo\u00bb, manifest\u00f3 el Mandatario.<\/p>\n<p style=\"text-align: justify;\">Sobre las injusticias ecol\u00f3gicas, el Jefe de Estado agreg\u00f3 que el 20% de pa\u00edses m\u00e1s ricos del mundo son responsables de m\u00e1s del 50% de emisiones de CO2. Por ello, agreg\u00f3 que \u00abEcuador emite -0,1% de las emisiones de CO2 pero sufre por cambio clim\u00e1tico\u00bb.<\/p>\n<p style=\"text-align: justify;\">El Mandatario manifest\u00f3 que la desigualdad se supera con el acceso al conocimiento, ciencia y tecnolog\u00eda.<\/p>\n<p style=\"text-align: justify;\">Correa plante\u00f3 que este organismo establezca las obligaciones en cuanto a deuda ambiental, as\u00ed como tipificar y sancionar delitos ambientales globales que afectan a la humanidad entera.<\/p>\n<p style=\"text-align: justify;\">De su lado, Ernesto Samper, secretario de Unasur, se\u00f1al\u00f3 que Am\u00e9rica Latina es una de las m\u00e1s afectadas por el cambio clim\u00e1tico. \u00abEcuador vive en estos \u00faltimos a\u00f1os la construcci\u00f3n de un modelo alternativo de desarrollo\u00bb, afirm\u00f3. (EL TEL\u00c9GRAFO)<\/p>\n","protected":false},"excerpt":{"rendered":"<p>El presidente de Ecuador, Rafael Correa, hizo un llamado a la comunidad mundial a crear la Corte Internacional de Justicia<\/p>\n","protected":false},"author":1,"featured_media":0,"comment_status":"open","ping_status":"open","sticky":false,"template":"","format":"standard","meta":{"footnotes":""},"categories":[1],"tags":[],"_links":{"self":[{"href":"https:\/\/www.ecuadoraldia.com.ec\/index.php?rest_route=\/wp\/v2\/posts\/9858"}],"collection":[{"href":"https:\/\/www.ecuadoraldia.com.ec\/index.php?rest_route=\/wp\/v2\/posts"}],"about":[{"href":"https:\/\/www.ecuadoraldia.com.ec\/index.php?rest_route=\/wp\/v2\/types\/post"}],"author":[{"embeddable":true,"href":"https:\/\/www.ecuadoraldia.com.ec\/index.php?rest_route=\/wp\/v2\/users\/1"}],"replies":[{"embeddable":true,"href":"https:\/\/www.ecuadoraldia.com.ec\/index.php?rest_route=%2Fwp%2Fv2%2Fcomments&post=9858"}],"version-history":[{"count":2,"href":"https:\/\/www.ecuadoraldia.com.ec\/index.php?rest_route=\/wp\/v2\/posts\/9858\/revisions"}],"predecessor-version":[{"id":9861,"href":"https:\/\/www.ecuadoraldia.com.ec\/index.php?rest_route=\/wp\/v2\/posts\/9858\/revisions\/9861"}],"wp:attachment":[{"href":"https:\/\/www.ecuadoraldia.com.ec\/index.php?rest_route=%2Fwp%2Fv2%2Fmedia&parent=9858"}],"wp:term":[{"taxonomy":"category","embeddable":true,"href":"https:\/\/www.ecuadoraldia.com.ec\/index.php?rest_route=%2Fwp%2Fv2%2Fcategories&post=9858"},{"taxonomy":"post_tag","embeddable":true,"href":"https:\/\/www.ecuadoraldia.com.ec\/index.php?rest_route=%2Fwp%2Fv2%2Ftags&post=9858"}],"curies":[{"name":"wp","href":"https:\/\/api.w.org\/{rel}","templated":true}]}}