{"id":9862,"date":"2015-06-29T18:42:04","date_gmt":"2015-06-29T18:42:04","guid":{"rendered":"http:\/\/www.ecuadoraldia.com.ec\/?p=9862"},"modified":"2015-06-29T18:42:04","modified_gmt":"2015-06-29T18:42:04","slug":"no-es-solo-grecia-puerto-rico-tambien-esta-en-quiebra","status":"publish","type":"post","link":"https:\/\/www.ecuadoraldia.com.ec\/?p=9862","title":{"rendered":"No es solo Grecia, Puerto Rico tambi\u00e9n est\u00e1 en quiebra"},"content":{"rendered":"<p style=\"text-align: justify;\"><a href=\"http:\/\/www.ecuadoraldia.com.ec\/wp-content\/uploads\/2015\/06\/29-06-2015-Puerto-Rico_.jpg\"><img loading=\"lazy\" decoding=\"async\" class=\"alignleft size-medium wp-image-9863\" src=\"http:\/\/www.ecuadoraldia.com.ec\/wp-content\/uploads\/2015\/06\/29-06-2015-Puerto-Rico_-300x210.jpg\" alt=\"29-06-2015-Puerto-Rico_\" width=\"300\" height=\"210\" srcset=\"https:\/\/www.ecuadoraldia.com.ec\/wp-content\/uploads\/2015\/06\/29-06-2015-Puerto-Rico_-300x210.jpg 300w, https:\/\/www.ecuadoraldia.com.ec\/wp-content\/uploads\/2015\/06\/29-06-2015-Puerto-Rico_.jpg 635w\" sizes=\"(max-width: 300px) 100vw, 300px\" \/><\/a>Puerto Rico qued\u00f3 este lunes al borde de un default luego de que el gobernador Alejandro Garc\u00eda Padilla admitiera que la enorme deuda de $ 73.000 millones es impagable.<\/p>\n<p style=\"text-align: justify;\">El gobernador, quien tiene previsto dar un mensaje p\u00fablico para abordar la crisis fiscal este lunes a las 21:00 GMT (16:00 de Ecuador), afirm\u00f3 al diario The New York Times que \u00abla deuda es impagable\u00bb. \u00abNo hay otra opci\u00f3n. Quisiera tener una opci\u00f3n m\u00e1s f\u00e1cil. Pero esto no es pol\u00edtica, es matem\u00e1tica\u00bb, dijo Garc\u00eda Padilla.<\/p>\n<p style=\"text-align: justify;\">De inmediato, los bonos de Obligaciones Generales de Puerto Rico cayeron 10% en el mercado de Wall Street, en Nueva York.<\/p>\n<p style=\"text-align: justify;\">Garc\u00eda Padilla se\u00f1al\u00f3 que la isla, asfixiada por falta de liquidez tras 8 a\u00f1os de crecimiento econ\u00f3mico negativo, busca diferir pagos mientras renegocia con sus acreedores para evitar el default.<\/p>\n<p style=\"text-align: justify;\">En su condici\u00f3n de estado libre asociado norteamericano, la isla caribe\u00f1a de 3,5 millones de habitantes no puede declararse en bancarrota, por lo que un impago de deuda podr\u00eda tomar a\u00f1os en resolverse.<\/p>\n<p style=\"text-align: justify;\">\u00abNadie en el gobierno (federal) o en Washington contempla un rescate de Puerto Rico\u00bb, dijo el lunes el portavoz de la Casa Blanca Josh Earnest, al se\u00f1alar no obstante que la administraci\u00f3n de Barack Obama seguir\u00e1 cooperando con San Juan ante sus \u00abserios retos financieros\u00bb.<\/p>\n<p style=\"text-align: justify;\">La Casa Blanca ha sugerido la posibilidad de que Puerto Rico obtenga acceso a la ley de quiebras, pero para eso el Congreso tendr\u00eda que modificar la legislaci\u00f3n.<\/p>\n<p style=\"text-align: justify;\">C\u00edrculo vicioso<\/p>\n<p style=\"text-align: justify;\">El anuncio del gobernador coincide con la divulgaci\u00f3n de un sombr\u00edo informe de exfuncionarios del Fondo Monetario Internacional y del Banco Mundial, que concluye que la carga de la deuda es insostenible.<\/p>\n<p style=\"text-align: justify;\">\u00abLa econom\u00eda se encuentra en un c\u00edrculo vicioso en el que las finanzas p\u00fablicas insostenibles est\u00e1n alimentando la incertidumbre y el bajo crecimiento, lo que a su vez eleva el d\u00e9ficit fiscal y la deuda\u00bb, indic\u00f3 el informe encomendado por el gobernador de Puerto Rico.<\/p>\n<p style=\"text-align: justify;\">El documento propone reformas estructurales contra el gasto, disminuyendo los costos de la n\u00f3mina p\u00fablica y los servicios de electricidad y transporte, y una reestructuraci\u00f3n de la deuda a trav\u00e9s de un intercambio voluntario de bonos existentes por otros con condiciones m\u00e1s favorables.<\/p>\n<p style=\"text-align: justify;\">El informe prev\u00e9 que para 2016 Puerto Rico encare un d\u00e9ficit de $ 3.695 millones .La situaci\u00f3n en Puerto Rico coincide con la crisis en Grecia, que podr\u00eda caer el mi\u00e9rcoles en una suspensi\u00f3n de pagos que la acercar\u00eda a una salida de la zona euro.<\/p>\n<p style=\"text-align: justify;\">Pero a diferencia de Grecia, Puerto Rico se mantiene en tranquilidad y la poblaci\u00f3n no se ha volcado a extraer sus dep\u00f3sitos de los bancos, ya que los ahorros personales los garantiza la Federal Deposit Insurance Corporation (FDIC) de Estados Unidos.<\/p>\n<p style=\"text-align: justify;\">Espiral de la muerte<\/p>\n<p style=\"text-align: justify;\">Diversos sectores pol\u00edticos y econ\u00f3micos han aplaudido que el gobernador reconozca la realidad de Puerto Rico vigente desde hace varios a\u00f1os, pero lamentaron que desde entonces no se trabajara para renegociar la deuda con los acreedores.<\/p>\n<p style=\"text-align: justify;\">\u00abNo es momento de echar culpas ni de plantear que lo venimos diciendo desde hace mucho tiempo\u00bb, dijo el senador \u00c1ngel Rosa, del oficialista Partido Popular Democr\u00e1tico (PPD).<\/p>\n<p style=\"text-align: justify;\">La Legislatura debe aprobar a\u00fan un presupuesto de $ 9.800 millones para el pr\u00f3ximo ejercicio fiscal de la isla que comienza el martes, y que contempla $ 674 millones en recortes y destina $ 1.500 millones para pago de deuda.<\/p>\n<p style=\"text-align: justify;\">La constituci\u00f3n de Puerto Rico establece que la deuda debe ser pagada antes de cualquier otra obligaci\u00f3n financiera, por lo que una reestructuraci\u00f3n dejar\u00eda a la isla en un limbo legal.<\/p>\n<p style=\"text-align: justify;\">Pero Garc\u00eda Padilla advirti\u00f3 al New York Times que Puerto Rico debe actuar para salir del \u00abespiral de la muerte\u00bb.<\/p>\n<p style=\"text-align: justify;\">En medio de la crisis, diversas casas crediticias como Moody&#8217;s han enterrado la nota del gobierno a nivel de bonos \u00abchatarra\u00bb.<\/p>\n<p style=\"text-align: justify;\">Las agencias p\u00fablicas puertorrique\u00f1as son responsables de gran parte de la deuda: solo la compa\u00f1\u00eda el\u00e9ctrica debe $ 9.000 millones.<\/p>\n<p style=\"text-align: justify;\">Los problemas financieros de Puerto Rico han sacudido al gran mercado de deuda municipal estadounidense, con el recuerdo a\u00fan fresco de la declaraci\u00f3n de bancarrota de la ciudad de Detroit en 2013. (AFP)<\/p>\n","protected":false},"excerpt":{"rendered":"<p>Puerto Rico qued\u00f3 este lunes al borde de un default luego de que el gobernador Alejandro Garc\u00eda Padilla admitiera que<\/p>\n","protected":false},"author":1,"featured_media":0,"comment_status":"open","ping_status":"open","sticky":false,"template":"","format":"standard","meta":{"footnotes":""},"categories":[7],"tags":[],"_links":{"self":[{"href":"https:\/\/www.ecuadoraldia.com.ec\/index.php?rest_route=\/wp\/v2\/posts\/9862"}],"collection":[{"href":"https:\/\/www.ecuadoraldia.com.ec\/index.php?rest_route=\/wp\/v2\/posts"}],"about":[{"href":"https:\/\/www.ecuadoraldia.com.ec\/index.php?rest_route=\/wp\/v2\/types\/post"}],"author":[{"embeddable":true,"href":"https:\/\/www.ecuadoraldia.com.ec\/index.php?rest_route=\/wp\/v2\/users\/1"}],"replies":[{"embeddable":true,"href":"https:\/\/www.ecuadoraldia.com.ec\/index.php?rest_route=%2Fwp%2Fv2%2Fcomments&post=9862"}],"version-history":[{"count":1,"href":"https:\/\/www.ecuadoraldia.com.ec\/index.php?rest_route=\/wp\/v2\/posts\/9862\/revisions"}],"predecessor-version":[{"id":9864,"href":"https:\/\/www.ecuadoraldia.com.ec\/index.php?rest_route=\/wp\/v2\/posts\/9862\/revisions\/9864"}],"wp:attachment":[{"href":"https:\/\/www.ecuadoraldia.com.ec\/index.php?rest_route=%2Fwp%2Fv2%2Fmedia&parent=9862"}],"wp:term":[{"taxonomy":"category","embeddable":true,"href":"https:\/\/www.ecuadoraldia.com.ec\/index.php?rest_route=%2Fwp%2Fv2%2Fcategories&post=9862"},{"taxonomy":"post_tag","embeddable":true,"href":"https:\/\/www.ecuadoraldia.com.ec\/index.php?rest_route=%2Fwp%2Fv2%2Ftags&post=9862"}],"curies":[{"name":"wp","href":"https:\/\/api.w.org\/{rel}","templated":true}]}}