{"id":9865,"date":"2015-06-29T18:44:27","date_gmt":"2015-06-29T18:44:27","guid":{"rendered":"http:\/\/www.ecuadoraldia.com.ec\/?p=9865"},"modified":"2015-06-29T18:44:27","modified_gmt":"2015-06-29T18:44:27","slug":"fiscal-esperara-informe-del-sri-para-decidir-si-investiga-a-nebot-y-lasso","status":"publish","type":"post","link":"https:\/\/www.ecuadoraldia.com.ec\/?p=9865","title":{"rendered":"Fiscal esperar\u00e1 informe del SRI para decidir si investiga a Nebot y Lasso"},"content":{"rendered":"<p style=\"text-align: justify;\"><a href=\"http:\/\/www.ecuadoraldia.com.ec\/wp-content\/uploads\/2015\/06\/29-06-15-nebot-ylasso.jpg\"><img loading=\"lazy\" decoding=\"async\" class=\"alignleft size-full wp-image-9866\" src=\"http:\/\/www.ecuadoraldia.com.ec\/wp-content\/uploads\/2015\/06\/29-06-15-nebot-ylasso.jpg\" alt=\"29-06-15-nebot-ylasso\" width=\"286\" height=\"189\" \/><\/a>El fiscal General de la Naci\u00f3n, Galo Chiriboga, inform\u00f3 que esperar\u00e1 un reporte por parte del Servicio de Rentas Internas (SRI) sobre los pagos realizados por concepto de Impuesto a la Renta (IR) realizados por el alcalde de Guayaquil, Jaime Nebot, y del excandidato presidencial, Guillermo Lasso, en los \u00faltimos a\u00f1os.<\/p>\n<p style=\"text-align: justify;\">El pasado s\u00e1bado, en su Enlace Ciudadano, el presidente Rafael Correa emplaz\u00f3 a las autoridades de la Fiscal\u00eda, Asamblea y Contralor\u00eda a que investiguen los motivos por los que hasta hace unos pocos a\u00f1os Nebot y Lasso pagaban poco de IR y que reci\u00e9n en los ultimos a\u00f1os se ha incrementado de manera considerable. El gobernante indic\u00f3 que eso podr\u00eda ser se\u00f1al de que se pudo haber evadido impuestos o que hubo enriquecimiento il\u00edcito.<\/p>\n<p style=\"text-align: justify;\">Sobre esta denuncia, Chiriboga inform\u00f3 que primero se va a esperar un informe del SRI sobre estos casos para luego realizar las investigaciones respectivas si es necesario.<\/p>\n<p style=\"text-align: justify;\">Lasso, a trav\u00e9s de un comunicado p\u00fablico, rechaz\u00f3 los comentarios de Correa y record\u00f3 que ha \u00abcontribuido al fisco 137 veces m\u00e1s que \u00e9l (el presidente) durante los \u00faltimos 15 a\u00f1os\u00bb.<\/p>\n<p style=\"text-align: justify;\">\u00abDurante el per\u00edodo del 2000-2014 aport\u00e9 al fisco m\u00e1s de $ 11&#8217;052.066,41 mientras que el Presidente aport\u00f3 $ 80.576,04. M\u00e1s a\u00fan, el Presidente no pag\u00f3 en 2010 ni un centavo de impuesto por los $ 600 mil que recibi\u00f3 por demandar a un banco\u00bb, reza el texto.<\/p>\n<p style=\"text-align: justify;\">Esta ma\u00f1ana el alcalde de Guayaquil tambi\u00e9n respondi\u00f3 a las acusaciones del Mandatario en una rueda de prensa en el Municipio. Dijo que es obvio que no ha vivido ni vive de su sueldo como alcalde que, en el 2001 fue de $ 1.136 mensuales y de $ 4.730 al mes durante el 2014. Agreg\u00f3 que a eso se deben sumar los ingresos que le corresonden por el funcionamiento y reparto de las utilidades de la compa\u00f1ia famliar Ingersa.<\/p>\n<p style=\"text-align: justify;\">Record\u00f3 que en el 2000, antes del cambio de sistema de declaraci\u00f3n, pag\u00f3 $ 8.091,03 de impuesto a la renta en el 2001; en el 2001 pag\u00f3 $ 8.424,00 y en el 2014 $ 49.509,11; por lo que \u00bb es mentira que en el 2001 haya pagado solo $ 657 de impuesto a la renta.<\/p>\n<p style=\"text-align: justify;\">Concluy\u00f3 que el presidente Correa difundi\u00f3 una informaci\u00f3n, a su criterio, manipulada e incompleta y que \u00abJaime nebot no se ha enriquecido en el ejercicio de la Alcald\u00eda\u00bb. (Telegrafo)<\/p>\n","protected":false},"excerpt":{"rendered":"<p>El fiscal General de la Naci\u00f3n, Galo Chiriboga, inform\u00f3 que esperar\u00e1 un reporte por parte del Servicio de Rentas Internas<\/p>\n","protected":false},"author":1,"featured_media":0,"comment_status":"open","ping_status":"open","sticky":false,"template":"","format":"standard","meta":{"footnotes":""},"categories":[5],"tags":[],"_links":{"self":[{"href":"https:\/\/www.ecuadoraldia.com.ec\/index.php?rest_route=\/wp\/v2\/posts\/9865"}],"collection":[{"href":"https:\/\/www.ecuadoraldia.com.ec\/index.php?rest_route=\/wp\/v2\/posts"}],"about":[{"href":"https:\/\/www.ecuadoraldia.com.ec\/index.php?rest_route=\/wp\/v2\/types\/post"}],"author":[{"embeddable":true,"href":"https:\/\/www.ecuadoraldia.com.ec\/index.php?rest_route=\/wp\/v2\/users\/1"}],"replies":[{"embeddable":true,"href":"https:\/\/www.ecuadoraldia.com.ec\/index.php?rest_route=%2Fwp%2Fv2%2Fcomments&post=9865"}],"version-history":[{"count":1,"href":"https:\/\/www.ecuadoraldia.com.ec\/index.php?rest_route=\/wp\/v2\/posts\/9865\/revisions"}],"predecessor-version":[{"id":9867,"href":"https:\/\/www.ecuadoraldia.com.ec\/index.php?rest_route=\/wp\/v2\/posts\/9865\/revisions\/9867"}],"wp:attachment":[{"href":"https:\/\/www.ecuadoraldia.com.ec\/index.php?rest_route=%2Fwp%2Fv2%2Fmedia&parent=9865"}],"wp:term":[{"taxonomy":"category","embeddable":true,"href":"https:\/\/www.ecuadoraldia.com.ec\/index.php?rest_route=%2Fwp%2Fv2%2Fcategories&post=9865"},{"taxonomy":"post_tag","embeddable":true,"href":"https:\/\/www.ecuadoraldia.com.ec\/index.php?rest_route=%2Fwp%2Fv2%2Ftags&post=9865"}],"curies":[{"name":"wp","href":"https:\/\/api.w.org\/{rel}","templated":true}]}}