{"id":9868,"date":"2015-06-29T18:46:48","date_gmt":"2015-06-29T18:46:48","guid":{"rendered":"http:\/\/www.ecuadoraldia.com.ec\/?p=9868"},"modified":"2015-06-29T18:46:48","modified_gmt":"2015-06-29T18:46:48","slug":"caf-dara-prestamo-para-unidades-del-milenio","status":"publish","type":"post","link":"https:\/\/www.ecuadoraldia.com.ec\/?p=9868","title":{"rendered":"CAF dar\u00e1 pr\u00e9stamo para Unidades del Milenio"},"content":{"rendered":"<p style=\"text-align: justify;\"><a href=\"http:\/\/www.ecuadoraldia.com.ec\/wp-content\/uploads\/2015\/06\/agto.jpg\"><img loading=\"lazy\" decoding=\"async\" class=\"alignleft size-medium wp-image-9869\" src=\"http:\/\/www.ecuadoraldia.com.ec\/wp-content\/uploads\/2015\/06\/agto-300x199.jpg\" alt=\"agto\" width=\"300\" height=\"199\" srcset=\"https:\/\/www.ecuadoraldia.com.ec\/wp-content\/uploads\/2015\/06\/agto-300x199.jpg 300w, https:\/\/www.ecuadoraldia.com.ec\/wp-content\/uploads\/2015\/06\/agto.jpg 635w\" sizes=\"(max-width: 300px) 100vw, 300px\" \/><\/a>El Banco de Desarrollo de Am\u00e9rica Latina (CAF) entregar\u00e1 un pr\u00e9stamo cercano a los $158 millones para edificar 33 Unidades Educativas del Milenio hasta noviembre del pr\u00f3ximo a\u00f1o.<\/p>\n<p style=\"text-align: justify;\">Al momento el Ministerio de Educaci\u00f3n lanz\u00f3 una oferta internacional para edificar los primeros 29 establecimientos. Hasta el 3 agosto las empresas deben presentar sus ofertas y el 23 de septiembre se har\u00e1 la asignaci\u00f3n al ganador.<\/p>\n<p style=\"text-align: justify;\">Esta infraestructura deber\u00e1 estar lista hasta junio de 2016; mientras que para los 14 establecimientos restantes se har\u00e1 la convocatoria en noviembre pr\u00f3ximo y su plazo de entrega ser\u00e1 de 12 meses. El pr\u00e9stamo es a 12 a\u00f1os plazo y con una tasa de inter\u00e9s anual del 2.49%.<\/p>\n<p style=\"text-align: justify;\">El objetivo del Ministerio es entregar en funcionamiento 300 U.E. del Milenio hasta 2017, de ese n\u00famero 53 ya est\u00e1n operando y 36 en fase de construcci\u00f3n y 8 se encuentran en proceso de contrataci\u00f3n.<br \/>\nAdem\u00e1s se continuar\u00e1 con el estudio de las instituciones emblem\u00e1ticas que necesitan una intervenci\u00f3n estructural porque su infraestructura no ha tenido mantenimiento por a\u00f1os.<\/p>\n<p style=\"text-align: justify;\">140 mil inscritos para r\u00e9gimen Sierra-Amazon\u00eda 2015-2016<\/p>\n<p style=\"text-align: justify;\">El ministro Augusto Espinosa indic\u00f3 que en la fase de inscribe para el a\u00f1o escolar que arrancar\u00e1 en septiembre en el r\u00e9gimen Sierra y Amazon\u00eda hasta el momento se registraron 140 mil nuevos inscritos.<\/p>\n<p style=\"text-align: justify;\">El 18.5% de ese n\u00famero corresponde a estudiantes que dejaron el sistema particular, municipal y fiscomisional para ser parte del sistema fiscal.<\/p>\n<p>Mencion\u00f3 tambi\u00e9n que del 13 al 25 de julio los padres conocer\u00e1n la instituci\u00f3n educativa a la que fueron asisgnados y desde el 27 de julio hasta el 3 de agosto se podr\u00e1 registrar los cambios de domicilio. (Telegrafo)<\/p>\n","protected":false},"excerpt":{"rendered":"<p>El Banco de Desarrollo de Am\u00e9rica Latina (CAF) entregar\u00e1 un pr\u00e9stamo cercano a los $158 millones para edificar 33 Unidades<\/p>\n","protected":false},"author":1,"featured_media":0,"comment_status":"open","ping_status":"open","sticky":false,"template":"","format":"standard","meta":{"footnotes":""},"categories":[4],"tags":[],"_links":{"self":[{"href":"https:\/\/www.ecuadoraldia.com.ec\/index.php?rest_route=\/wp\/v2\/posts\/9868"}],"collection":[{"href":"https:\/\/www.ecuadoraldia.com.ec\/index.php?rest_route=\/wp\/v2\/posts"}],"about":[{"href":"https:\/\/www.ecuadoraldia.com.ec\/index.php?rest_route=\/wp\/v2\/types\/post"}],"author":[{"embeddable":true,"href":"https:\/\/www.ecuadoraldia.com.ec\/index.php?rest_route=\/wp\/v2\/users\/1"}],"replies":[{"embeddable":true,"href":"https:\/\/www.ecuadoraldia.com.ec\/index.php?rest_route=%2Fwp%2Fv2%2Fcomments&post=9868"}],"version-history":[{"count":1,"href":"https:\/\/www.ecuadoraldia.com.ec\/index.php?rest_route=\/wp\/v2\/posts\/9868\/revisions"}],"predecessor-version":[{"id":9870,"href":"https:\/\/www.ecuadoraldia.com.ec\/index.php?rest_route=\/wp\/v2\/posts\/9868\/revisions\/9870"}],"wp:attachment":[{"href":"https:\/\/www.ecuadoraldia.com.ec\/index.php?rest_route=%2Fwp%2Fv2%2Fmedia&parent=9868"}],"wp:term":[{"taxonomy":"category","embeddable":true,"href":"https:\/\/www.ecuadoraldia.com.ec\/index.php?rest_route=%2Fwp%2Fv2%2Fcategories&post=9868"},{"taxonomy":"post_tag","embeddable":true,"href":"https:\/\/www.ecuadoraldia.com.ec\/index.php?rest_route=%2Fwp%2Fv2%2Ftags&post=9868"}],"curies":[{"name":"wp","href":"https:\/\/api.w.org\/{rel}","templated":true}]}}