{"id":9871,"date":"2015-06-29T18:51:49","date_gmt":"2015-06-29T18:51:49","guid":{"rendered":"http:\/\/www.ecuadoraldia.com.ec\/?p=9871"},"modified":"2015-06-29T18:51:49","modified_gmt":"2015-06-29T18:51:49","slug":"la-cadena-nbc-tambien-rompe-con-donal-trump-y-no-transmitira-miss-usa-ni-miss-universo","status":"publish","type":"post","link":"https:\/\/www.ecuadoraldia.com.ec\/?p=9871","title":{"rendered":"La cadena NBC tambi\u00e9n rompe con Donal Trump y no transmitir\u00e1 Miss USA ni Miss Universo"},"content":{"rendered":"<p style=\"text-align: justify;\"><a href=\"http:\/\/www.ecuadoraldia.com.ec\/wp-content\/uploads\/2015\/06\/missss.jpg\"><img loading=\"lazy\" decoding=\"async\" class=\"alignleft size-medium wp-image-9872\" src=\"http:\/\/www.ecuadoraldia.com.ec\/wp-content\/uploads\/2015\/06\/missss-300x169.jpg\" alt=\"missss\" width=\"300\" height=\"169\" srcset=\"https:\/\/www.ecuadoraldia.com.ec\/wp-content\/uploads\/2015\/06\/missss-300x169.jpg 300w, https:\/\/www.ecuadoraldia.com.ec\/wp-content\/uploads\/2015\/06\/missss.jpg 770w\" sizes=\"(max-width: 300px) 100vw, 300px\" \/><\/a>El magnate estadounidense y pre candidato a presidente por el Partido Republicano tampoco podr\u00e1 ver en esa pantalla su reality &#8216;El aprendiz&#8217;. La decisi\u00f3n es en reacci\u00f3n a sus dichos racistas contra los mexicanos<\/p>\n<p style=\"text-align: justify;\">A trav\u00e9s de un comunicado, NBC confirm\u00f3 que rompi\u00f3 relaciones con Donald Trump y sus empresas por sus comentarios sobre los inmigrantes en su lanzamiento de campa\u00f1a. La cadena inform\u00f3 as\u00ed que no pondr\u00e1 m\u00e1s al aire los concursos anuales de Miss USA y Miss Universo. Tampoco se podr\u00e1 a ver el reality \u00abEl aprendiz\u00bb pero s\u00ed continuar\u00e1 la versi\u00f3n famosos del show pero sin la presencia del magnate estadounidense.<\/p>\n<p style=\"text-align: justify;\">El viernes pasado la cadena latina Univision ya hab\u00eda roto relaciones comerciales con Trump Organization, y anunci\u00f3 que su pantalla no pondr\u00eda al aire la trasmisi\u00f3n el pr\u00f3ximo 12 de julio de Miss USA 2015, al considerar \u00abofensivas\u00bb las declaraciones del precandidato.<\/p>\n<p style=\"text-align: justify;\">ADVERTISEMENT<\/p>\n<p style=\"text-align: justify;\">El pasado 16 de junio, en el discurso que ofreci\u00f3 para su anunciar su precandidatura, Trump tid\u00f3 de narcotraficantes y violadores a los mexicanos que cruzan la frontera para buscar un futuro en EEUU.<\/p>\n<p style=\"text-align: justify;\">Antes de conocerse la decisi\u00f3n de NBC, un hispano hab\u00eda comenzado una campa\u00f1a para que la cadena cancelara las retransmisiones de los cert\u00e1menes de belleza que organiza el republicano. La iniciativa hab\u00eda logrado m\u00e1s de 200.000 firmas.<\/p>\n<p style=\"text-align: justify;\">Ofendido con las declaraciones del magnate inmobiliario sobre los mexicanos y la inmigraci\u00f3n, Guillermo Casta\u00f1eda pidi\u00f3 a trav\u00e9s de la plataforma change.org que NBC cancele la transmisi\u00f3n de los cert\u00e1menes Miss USA y Miss Universo, as\u00ed como el \u00abreality show\u00bb The Celebrity Apprentice. \u00abComo muchos otros, soy un inmigrante y tengo antepasados inmigrantes que dieron su coraz\u00f3n y el alma por este pa\u00eds. Tengo dos licenciaturas y una maestr\u00eda. Tambi\u00e9n hay millones y millones de nosotros que son periodistas, polic\u00edas, artistas, empresarios. \u00a1Algunos incluso defienden este pa\u00eds como parte de los militares!\u00bb, aseguraba Casta\u00f1eda en la petici\u00f3n.<br \/>\nEn su ofensiva contra la inmigraci\u00f3n, hoy el magnate norteamericano dijo que los chinos \u00abson a\u00fan peores que los mexicanos\u00bb y que M\u00e9xico deber\u00eda \u00abfinanciar un muro en la frontera\u00bb porque \u00abgana mucho dinero\u00bb en los EEUU.(Infobae)<\/p>\n","protected":false},"excerpt":{"rendered":"<p>El magnate estadounidense y pre candidato a presidente por el Partido Republicano tampoco podr\u00e1 ver en esa pantalla su reality<\/p>\n","protected":false},"author":1,"featured_media":0,"comment_status":"open","ping_status":"open","sticky":false,"template":"","format":"standard","meta":{"footnotes":""},"categories":[1],"tags":[],"_links":{"self":[{"href":"https:\/\/www.ecuadoraldia.com.ec\/index.php?rest_route=\/wp\/v2\/posts\/9871"}],"collection":[{"href":"https:\/\/www.ecuadoraldia.com.ec\/index.php?rest_route=\/wp\/v2\/posts"}],"about":[{"href":"https:\/\/www.ecuadoraldia.com.ec\/index.php?rest_route=\/wp\/v2\/types\/post"}],"author":[{"embeddable":true,"href":"https:\/\/www.ecuadoraldia.com.ec\/index.php?rest_route=\/wp\/v2\/users\/1"}],"replies":[{"embeddable":true,"href":"https:\/\/www.ecuadoraldia.com.ec\/index.php?rest_route=%2Fwp%2Fv2%2Fcomments&post=9871"}],"version-history":[{"count":1,"href":"https:\/\/www.ecuadoraldia.com.ec\/index.php?rest_route=\/wp\/v2\/posts\/9871\/revisions"}],"predecessor-version":[{"id":9873,"href":"https:\/\/www.ecuadoraldia.com.ec\/index.php?rest_route=\/wp\/v2\/posts\/9871\/revisions\/9873"}],"wp:attachment":[{"href":"https:\/\/www.ecuadoraldia.com.ec\/index.php?rest_route=%2Fwp%2Fv2%2Fmedia&parent=9871"}],"wp:term":[{"taxonomy":"category","embeddable":true,"href":"https:\/\/www.ecuadoraldia.com.ec\/index.php?rest_route=%2Fwp%2Fv2%2Fcategories&post=9871"},{"taxonomy":"post_tag","embeddable":true,"href":"https:\/\/www.ecuadoraldia.com.ec\/index.php?rest_route=%2Fwp%2Fv2%2Ftags&post=9871"}],"curies":[{"name":"wp","href":"https:\/\/api.w.org\/{rel}","templated":true}]}}