{"id":9874,"date":"2015-07-01T00:22:09","date_gmt":"2015-07-01T00:22:09","guid":{"rendered":"http:\/\/www.ecuadoraldia.com.ec\/?p=9874"},"modified":"2015-07-01T00:22:09","modified_gmt":"2015-07-01T00:22:09","slug":"correa-600-millones-de-dolares-se-retiraron-de-los-bancos-por-rumores-de-desdolarizacion","status":"publish","type":"post","link":"https:\/\/www.ecuadoraldia.com.ec\/?p=9874","title":{"rendered":"Correa: 600 millones de d\u00f3lares se retiraron de los bancos por rumores de desdolarizaci\u00f3n"},"content":{"rendered":"<p style=\"text-align: justify;\"><a href=\"http:\/\/www.ecuadoraldia.com.ec\/wp-content\/uploads\/2015\/07\/Correa-Radio.jpg\"><img loading=\"lazy\" decoding=\"async\" class=\"alignleft size-medium wp-image-9875\" src=\"http:\/\/www.ecuadoraldia.com.ec\/wp-content\/uploads\/2015\/07\/Correa-Radio-300x238.jpg\" alt=\"-Correa-Radio\" width=\"300\" height=\"238\" srcset=\"https:\/\/www.ecuadoraldia.com.ec\/wp-content\/uploads\/2015\/07\/Correa-Radio-300x238.jpg 300w, https:\/\/www.ecuadoraldia.com.ec\/wp-content\/uploads\/2015\/07\/Correa-Radio.jpg 370w\" sizes=\"(max-width: 300px) 100vw, 300px\" \/><\/a>El presidente de la Rep\u00fablica, Rafael Correa, en una entrevista radio Vox, en Quito, revel\u00f3 que los rumores tendenciosos sobre una supuesta desdolarizaci\u00f3n en Ecuador motivaron a que haya un inusual registro de retiro de dep\u00f3sitos bancarios.<\/p>\n<p style=\"text-align: justify;\">Correa indic\u00f3 que \u00ablos rumores de la desdolarizaci\u00f3n fueron enormes, tuvimos $ 600 millones en retiro de depositos, pero la econom\u00eda aguant\u00f3\u00bb.<\/p>\n<p style=\"text-align: justify;\">El Mandatario explic\u00f3 que este tipo de rumores forman parte de una estrategia de la oposici\u00f3n que buscan desestabilizar al r\u00e9gimen tanto en aspectos pol\u00edticos como econ\u00f3micos.<\/p>\n<p style=\"text-align: justify;\">Debido a este panorama, Correa adelant\u00f3 que \u00abprobablemente\u00bb en el segundo trimestre el pa\u00eds tenga una tasa de crecimiento \u00abmuy peque\u00f1a\u00bb porque cuando se retiran los dep\u00f3sitos de los bancos hay menos cr\u00e9ditos en el mercado. (telegrafo)<\/p>\n","protected":false},"excerpt":{"rendered":"<p>El presidente de la Rep\u00fablica, Rafael Correa, en una entrevista radio Vox, en Quito, revel\u00f3 que los rumores tendenciosos sobre<\/p>\n","protected":false},"author":1,"featured_media":0,"comment_status":"open","ping_status":"open","sticky":false,"template":"","format":"standard","meta":{"footnotes":""},"categories":[1],"tags":[],"_links":{"self":[{"href":"https:\/\/www.ecuadoraldia.com.ec\/index.php?rest_route=\/wp\/v2\/posts\/9874"}],"collection":[{"href":"https:\/\/www.ecuadoraldia.com.ec\/index.php?rest_route=\/wp\/v2\/posts"}],"about":[{"href":"https:\/\/www.ecuadoraldia.com.ec\/index.php?rest_route=\/wp\/v2\/types\/post"}],"author":[{"embeddable":true,"href":"https:\/\/www.ecuadoraldia.com.ec\/index.php?rest_route=\/wp\/v2\/users\/1"}],"replies":[{"embeddable":true,"href":"https:\/\/www.ecuadoraldia.com.ec\/index.php?rest_route=%2Fwp%2Fv2%2Fcomments&post=9874"}],"version-history":[{"count":1,"href":"https:\/\/www.ecuadoraldia.com.ec\/index.php?rest_route=\/wp\/v2\/posts\/9874\/revisions"}],"predecessor-version":[{"id":9876,"href":"https:\/\/www.ecuadoraldia.com.ec\/index.php?rest_route=\/wp\/v2\/posts\/9874\/revisions\/9876"}],"wp:attachment":[{"href":"https:\/\/www.ecuadoraldia.com.ec\/index.php?rest_route=%2Fwp%2Fv2%2Fmedia&parent=9874"}],"wp:term":[{"taxonomy":"category","embeddable":true,"href":"https:\/\/www.ecuadoraldia.com.ec\/index.php?rest_route=%2Fwp%2Fv2%2Fcategories&post=9874"},{"taxonomy":"post_tag","embeddable":true,"href":"https:\/\/www.ecuadoraldia.com.ec\/index.php?rest_route=%2Fwp%2Fv2%2Ftags&post=9874"}],"curies":[{"name":"wp","href":"https:\/\/api.w.org\/{rel}","templated":true}]}}