{"id":9877,"date":"2015-07-01T00:25:11","date_gmt":"2015-07-01T00:25:11","guid":{"rendered":"http:\/\/www.ecuadoraldia.com.ec\/?p=9877"},"modified":"2015-07-01T00:25:11","modified_gmt":"2015-07-01T00:25:11","slug":"empresarios-insiste-en-el-mantenimiento-del-orden-democratico","status":"publish","type":"post","link":"https:\/\/www.ecuadoraldia.com.ec\/?p=9877","title":{"rendered":"Empresarios  insiste en el mantenimiento del orden democr\u00e1tico"},"content":{"rendered":"<p style=\"text-align: justify;\"><a href=\"http:\/\/www.ecuadoraldia.com.ec\/wp-content\/uploads\/2015\/07\/empresarial.jpg\"><img loading=\"lazy\" decoding=\"async\" class=\"alignleft size-medium wp-image-9878\" src=\"http:\/\/www.ecuadoraldia.com.ec\/wp-content\/uploads\/2015\/07\/empresarial-300x205.jpg\" alt=\"empresarial\" width=\"300\" height=\"205\" srcset=\"https:\/\/www.ecuadoraldia.com.ec\/wp-content\/uploads\/2015\/07\/empresarial-300x205.jpg 300w, https:\/\/www.ecuadoraldia.com.ec\/wp-content\/uploads\/2015\/07\/empresarial.jpg 465w\" sizes=\"(max-width: 300px) 100vw, 300px\" \/><\/a>Luego de una sesi\u00f3n ampliada en el edificio Las C\u00e1maras, ubicada en el norte de la capital, varios representantes del sector empresarial Ecuatoriano firmaron un comunicado con varios puntos entorno al di\u00e1logo nacional convocado por el Gobierno.<\/p>\n<p style=\"text-align: justify;\">Entre esos se destaca la unidad del sector empresarial donde promocionan el mantenimiento del orden democr\u00e1tico. Se suma tambi\u00e9n pedir al Jefe de Estado el archivo de los proyectos de Ley de Herencia y Plusval\u00eda que fueron retirados de la Asamblea Nacional.<\/p>\n<p style=\"text-align: justify;\">Henry Kronfle, presidente del Comit\u00e9 Empresarial Ecuatoriano, insisti\u00f3 que tienen que darse las condiciones de respeto en este di\u00e1logo. \u00abEstamos pidiendo las bases m\u00ednimas bajando el tono de la confrontaci\u00f3n. El di\u00e1logo tiene que continuar en base a las cosas que presentamos en 37 puntos el pasado 2 de marzo que es a donde tiene que ir en base a la generaci\u00f3n del empleo y la inversi\u00f3n en el pa\u00eds\u00bb.<\/p>\n<p style=\"text-align: justify;\">Richard Mart\u00ednez, presidente de la C\u00e1mara de Industrias, explic\u00f3 que lo que necesita el pa\u00eds es una se\u00f1al de estabilidad de confianza y por eso piden que se clarifique que el uso del dinero electr\u00f3nico en la banca privada es de manera voluntaria. Con ello piden que el dinero electr\u00f3nico debe estar garantizado con d\u00f3lares f\u00edsicos.<\/p>\n<p style=\"text-align: justify;\">A continuaci\u00f3n la resoluci\u00f3n de los gremios:<\/p>\n<p style=\"text-align: justify;\">\n1.- Reafirmar el compromiso del sector empresarial productivo privado de la naci\u00f3n con el desarrollo econ\u00f3mico y social de Ecuador, mediante la promoci\u00f3n permanente de un ambiente propicio para la inversi\u00f3n nacional y extranjera, en la creaci\u00f3n del trabajo y el empleo que necesitamos todos los ecuatorianos.<\/p>\n<p style=\"text-align: justify;\">2.-. Mantener la f\u00e9rrea convicci\u00f3n de unidad del sector empresarial alrededor de la defensa y promoci\u00f3n de principios elementales como la primac\u00eda del Estado de Derecho, la libertad de empresa, la propiedad privada, la estabilidad normativa, libertad de expresi\u00f3n y el mantenimiento del orden democr\u00e1tico.<\/p>\n<p style=\"text-align: justify;\">3.- Contribuir con todos los medios a nuestro alcance para procurar la mejora del desempe\u00f1o de la econom\u00eda nacional, evitando que se profundice su afectaci\u00f3n como consecuencia de la incertidumbre y la desconfianza de los actores econ\u00f3micos.<\/p>\n<p style=\"text-align: justify;\">4.- Ejecutar a nivel privado, y demandar de las autoridades gubernamentales, todas las acciones que sean necesarias para sostener el esquema de dolarizaci\u00f3n. En ese sentido, el Gobierno Nacional ha ratificado su compromiso con el mantenimiento de dicho sistema; contexto en el cual, deben tomarse medidas que permitan garantizar dicho pronunciamiento, tales como reformar la regulaci\u00f3n correspondiente para que el funcionamiento del sistema de dinero electr\u00f3nico sea voluntario para la banca privada y cuente con el respaldo con dinero efectivo.<\/p>\n<p style=\"text-align: justify;\">5.- Insistir en la necesidad de generar una fuerte se\u00f1al de confianza, a trav\u00e9s de un compromiso p\u00fablico y formal del se\u00f1or Presidente de la Rep\u00fablica de no insistir en el tratamiento de los Proyectos de Ley de Herencia y Plusval\u00eda, que permita la posibilidad construir un debate saludable sobre temas de eficiencia productiva que resuelva los problemas de equidad y justicia social, en los cuales el sector empresarial ha estado, y estar\u00e1 siempre, dispuesto a aportar. A partir de dicha se\u00f1al de confianza, la senda para retomar la inversi\u00f3n privada, deber\u00e1 sustentarse en las propuestas que el sector productivo present\u00f3 el 2 de marzo de 2015.<\/p>\n<p style=\"text-align: justify;\">6.- Ratificar nuestra preocupaci\u00f3n en lo concerniente a la libertad de expresi\u00f3n e informaci\u00f3n ante disposiciones de la Ley de Comunicaci\u00f3n que han dado paso a sanciones por v\u00eda administrativa a medios de comunicaci\u00f3n privados, contraviniendo expresas garant\u00edas y derechos contenidos en la Constituci\u00f3n de la Rep\u00fablica y Convenios Internacionales.<\/p>\n<p style=\"text-align: justify;\">7.- Honrar la visita de Su Santidad, el Papa Francisco, con una actitud tolerante que sirva para predisponer el \u00e1nimo de los ecuatorianos y recuperar un ambiente de paz y tranquilidad en el pa\u00eds. ( EL TEL\u00c9GRAFO)<\/p>\n","protected":false},"excerpt":{"rendered":"<p>Luego de una sesi\u00f3n ampliada en el edificio Las C\u00e1maras, ubicada en el norte de la capital, varios representantes del<\/p>\n","protected":false},"author":1,"featured_media":0,"comment_status":"open","ping_status":"open","sticky":false,"template":"","format":"standard","meta":{"footnotes":""},"categories":[1],"tags":[],"_links":{"self":[{"href":"https:\/\/www.ecuadoraldia.com.ec\/index.php?rest_route=\/wp\/v2\/posts\/9877"}],"collection":[{"href":"https:\/\/www.ecuadoraldia.com.ec\/index.php?rest_route=\/wp\/v2\/posts"}],"about":[{"href":"https:\/\/www.ecuadoraldia.com.ec\/index.php?rest_route=\/wp\/v2\/types\/post"}],"author":[{"embeddable":true,"href":"https:\/\/www.ecuadoraldia.com.ec\/index.php?rest_route=\/wp\/v2\/users\/1"}],"replies":[{"embeddable":true,"href":"https:\/\/www.ecuadoraldia.com.ec\/index.php?rest_route=%2Fwp%2Fv2%2Fcomments&post=9877"}],"version-history":[{"count":1,"href":"https:\/\/www.ecuadoraldia.com.ec\/index.php?rest_route=\/wp\/v2\/posts\/9877\/revisions"}],"predecessor-version":[{"id":9879,"href":"https:\/\/www.ecuadoraldia.com.ec\/index.php?rest_route=\/wp\/v2\/posts\/9877\/revisions\/9879"}],"wp:attachment":[{"href":"https:\/\/www.ecuadoraldia.com.ec\/index.php?rest_route=%2Fwp%2Fv2%2Fmedia&parent=9877"}],"wp:term":[{"taxonomy":"category","embeddable":true,"href":"https:\/\/www.ecuadoraldia.com.ec\/index.php?rest_route=%2Fwp%2Fv2%2Fcategories&post=9877"},{"taxonomy":"post_tag","embeddable":true,"href":"https:\/\/www.ecuadoraldia.com.ec\/index.php?rest_route=%2Fwp%2Fv2%2Ftags&post=9877"}],"curies":[{"name":"wp","href":"https:\/\/api.w.org\/{rel}","templated":true}]}}