{"id":9880,"date":"2015-07-01T00:26:36","date_gmt":"2015-07-01T00:26:36","guid":{"rendered":"http:\/\/www.ecuadoraldia.com.ec\/?p=9880"},"modified":"2015-07-01T00:26:36","modified_gmt":"2015-07-01T00:26:36","slug":"2-anos-de-prision-para-geovanny-l-por-la-muerte-de-sharon","status":"publish","type":"post","link":"https:\/\/www.ecuadoraldia.com.ec\/?p=9880","title":{"rendered":"2 a\u00f1os de prisi\u00f3n para Geovanny L. por la muerte de &#8216;Sharon&#8217;"},"content":{"rendered":"<p style=\"text-align: justify;\"><a href=\"http:\/\/www.ecuadoraldia.com.ec\/wp-content\/uploads\/2015\/07\/30-06-15-casosharon_.jpg\"><img loading=\"lazy\" decoding=\"async\" class=\"alignleft size-medium wp-image-9881\" src=\"http:\/\/www.ecuadoraldia.com.ec\/wp-content\/uploads\/2015\/07\/30-06-15-casosharon_-300x278.jpg\" alt=\"30-06-15-casosharon_\" width=\"300\" height=\"278\" srcset=\"https:\/\/www.ecuadoraldia.com.ec\/wp-content\/uploads\/2015\/07\/30-06-15-casosharon_-300x278.jpg 300w, https:\/\/www.ecuadoraldia.com.ec\/wp-content\/uploads\/2015\/07\/30-06-15-casosharon_.jpg 455w\" sizes=\"(max-width: 300px) 100vw, 300px\" \/><\/a>El Tribunal Primero de Garant\u00edas Penales de Santa Elena declar\u00f3 culpable a Geovanny L. de homicidio culposo a Edith Bermeo, mejor conocida como &#8216;Sharon La Hechicera&#8217;.<\/p>\n<p style=\"text-align: justify;\">La decisi\u00f3n de culpabilidad, seg\u00fan los jueces, es por delito de homicidio culposo sancionado con pena privativa de libertad de 3 a 5 a\u00f1os.<\/p>\n<p style=\"text-align: justify;\">Inicialmente la Fiscal\u00eda acus\u00f3 y el proceso se llev\u00f3 por tentativa de femicidio, pero seg\u00fan las pruebas presentadas y por discrecionalidad de los magistrados se juzg\u00f3 por homicidio culposo.<\/p>\n<p style=\"text-align: justify;\">El fiscal Jorge Torres, a su salida del Tribunal, lament\u00f3 que los jueces hayan impuesto 2 a\u00f1os de prisi\u00f3n cuando en el COIP se estipula que por este tipo de delitos la sanci\u00f3n puede ser de 3 a 5 a\u00f1os de c\u00e1rcel.<\/p>\n<p style=\"text-align: justify;\">Los familiares de la cantante, fallecida el pasado 4 de enero, mostraron su desacuerdo con la decisi\u00f3n del Tribunal.( EL TEL\u00c9GRAFO)<\/p>\n","protected":false},"excerpt":{"rendered":"<p>El Tribunal Primero de Garant\u00edas Penales de Santa Elena declar\u00f3 culpable a Geovanny L. de homicidio culposo a Edith Bermeo,<\/p>\n","protected":false},"author":1,"featured_media":0,"comment_status":"open","ping_status":"open","sticky":false,"template":"","format":"standard","meta":{"footnotes":""},"categories":[5],"tags":[],"_links":{"self":[{"href":"https:\/\/www.ecuadoraldia.com.ec\/index.php?rest_route=\/wp\/v2\/posts\/9880"}],"collection":[{"href":"https:\/\/www.ecuadoraldia.com.ec\/index.php?rest_route=\/wp\/v2\/posts"}],"about":[{"href":"https:\/\/www.ecuadoraldia.com.ec\/index.php?rest_route=\/wp\/v2\/types\/post"}],"author":[{"embeddable":true,"href":"https:\/\/www.ecuadoraldia.com.ec\/index.php?rest_route=\/wp\/v2\/users\/1"}],"replies":[{"embeddable":true,"href":"https:\/\/www.ecuadoraldia.com.ec\/index.php?rest_route=%2Fwp%2Fv2%2Fcomments&post=9880"}],"version-history":[{"count":1,"href":"https:\/\/www.ecuadoraldia.com.ec\/index.php?rest_route=\/wp\/v2\/posts\/9880\/revisions"}],"predecessor-version":[{"id":9882,"href":"https:\/\/www.ecuadoraldia.com.ec\/index.php?rest_route=\/wp\/v2\/posts\/9880\/revisions\/9882"}],"wp:attachment":[{"href":"https:\/\/www.ecuadoraldia.com.ec\/index.php?rest_route=%2Fwp%2Fv2%2Fmedia&parent=9880"}],"wp:term":[{"taxonomy":"category","embeddable":true,"href":"https:\/\/www.ecuadoraldia.com.ec\/index.php?rest_route=%2Fwp%2Fv2%2Fcategories&post=9880"},{"taxonomy":"post_tag","embeddable":true,"href":"https:\/\/www.ecuadoraldia.com.ec\/index.php?rest_route=%2Fwp%2Fv2%2Ftags&post=9880"}],"curies":[{"name":"wp","href":"https:\/\/api.w.org\/{rel}","templated":true}]}}