{"id":9883,"date":"2015-07-01T00:27:49","date_gmt":"2015-07-01T00:27:49","guid":{"rendered":"http:\/\/www.ecuadoraldia.com.ec\/?p=9883"},"modified":"2015-07-01T00:27:49","modified_gmt":"2015-07-01T00:27:49","slug":"correa-y-autoridades-de-seguridad-presenciaron-el-simulacro-en-el-bicentenario","status":"publish","type":"post","link":"https:\/\/www.ecuadoraldia.com.ec\/?p=9883","title":{"rendered":"Correa y autoridades de seguridad presenciaron el simulacro en el Bicentenario"},"content":{"rendered":"<figure id=\"attachment_9884\" aria-describedby=\"caption-attachment-9884\" style=\"width: 300px\" class=\"wp-caption alignleft\"><a href=\"http:\/\/www.ecuadoraldia.com.ec\/wp-content\/uploads\/2015\/07\/30-06-15-Simulacro-Papa-3.jpg\"><img loading=\"lazy\" decoding=\"async\" class=\"size-medium wp-image-9884\" src=\"http:\/\/www.ecuadoraldia.com.ec\/wp-content\/uploads\/2015\/07\/30-06-15-Simulacro-Papa-3-300x213.jpg\" alt=\"ACT EL PRESIDENTE RAFAEL CORREA SISTIO AL SIMULACRO EFECTUADO EN EL PARQUE BICENTENARIO CON MOTIVO DELA LLEGADA DEL PAPA      MARCO SALGADO - EL TELEGRAFO\" width=\"300\" height=\"213\" srcset=\"https:\/\/www.ecuadoraldia.com.ec\/wp-content\/uploads\/2015\/07\/30-06-15-Simulacro-Papa-3-300x213.jpg 300w, https:\/\/www.ecuadoraldia.com.ec\/wp-content\/uploads\/2015\/07\/30-06-15-Simulacro-Papa-3.jpg 469w\" sizes=\"(max-width: 300px) 100vw, 300px\" \/><\/a><figcaption id=\"caption-attachment-9884\" class=\"wp-caption-text\">ACT EL PRESIDENTE RAFAEL CORREA SISTIO AL SIMULACRO EFECTUADO EN EL PARQUE BICENTENARIO CON MOTIVO DELA LLEGADA DEL PAPA MARCO SALGADO &#8211; EL TELEGRAFO<\/figcaption><\/figure>\n<p style=\"text-align: justify;\">El presidente Rafael Correa presenci\u00f3 un simulacro para conocer c\u00f3mo funcionar\u00e1 el contingente de seguridad con el que se llevar\u00e1 a cabo la misa que ofrecer\u00e1 el papa Francisco.<\/p>\n<p style=\"text-align: justify;\">Personal de la Polic\u00eda Nacional, Fuerzas Armadas, Cruz Roja, etc. se concentr\u00f3 desde las 07:00 para organizar sus sitios de acci\u00f3n con la finalidad de ordenar a 1,4 millones de personas que acudir\u00e1n al parque Bicentenario, ubicado en el norte de Quito, el pr\u00f3ximo martes 7 de julio.<\/p>\n<p style=\"text-align: justify;\">En los 2 puestos del simulacro se implementaron 4 sitios de servicio social que contaron con m\u00e9dicos y auxiliares de enfermer\u00eda, 10 miembros de la Cruz Roja, 10 integrantes del Cuerpo de Bomberos, 12 funcionarios del MIES, 150 polic\u00edas, 200 miembros de las FF.AA., 100 personas de Inteligencia Militar, 2 funcionarios de Dinapen, supervisores de bloque, etc.<\/p>\n<p style=\"text-align: justify;\">El Jefe de la Naci\u00f3n, tras arribar a las instalaciones, salud\u00f3 con las autoridades C\u00e9sar Navas, ministro Coordinador de Seguridad; Fernando Cordero, ministro de Defensa; Jos\u00e9 Serrano, ministro del Interior; el secretario jur\u00eddico, Alexis Mera; Mar\u00eda de los \u00c1ngeles Duarte, ministra de Desarrollo Urbano y Vivienda (Miduvi); Cecilia Vacas, ministra coordinadora de Desarrollo Social y las dignidades de la Iglesia Cat\u00f3lica.<\/p>\n<p style=\"text-align: justify;\">Luego de ello, el presidente Correa inspeccion\u00f3 el templete donde se ofrecer\u00e1 la misa. Cerca de las 10:00, bajo un resguardo policial, lleg\u00f3 el Papam\u00f3vil, en el que se movilizar\u00e1 el sumo pont\u00edfice, quien har\u00e1 un recorrido para saludar a los fieles, antes de subir al templo.<\/p>\n<p style=\"text-align: justify;\">Una vez inspeccionadas las localidades, en una carpa se instal\u00f3 una pantalla gigante para que Mar\u00eda del Pilar Cornejo, titular de la Secretar\u00eda Nacional de Gesti\u00f3n de Riesgos (SNGR), explicara el simulacro del operativo, contado minuto a minuto.<\/p>\n<p style=\"text-align: justify;\">El Presidente hizo algunas observaciones, por ejemplo, garantizar espacios de parqueo y sitios de expendios de comida, entre otras.<\/p>\n<p style=\"text-align: justify;\">Habr\u00e1 10 parques de expendio de comida. Adem\u00e1s, en la calle Isaac Alb\u00e9niz se instalar\u00e1 un taller de artesan\u00edas. La Polic\u00eda Metropolitana y el Municipio se encargar\u00e1n de ubicar sitios de parqueo que se encontrar\u00e1n en Carcel\u00e9n y a lo largo de la Avenida Tufi\u00f1o, especialmente para los asistentes que acudir\u00e1n a las vigilias.<\/p>\n<p style=\"text-align: justify;\">Ricardo Pati\u00f1o, ministro de Relaciones Exteriores, inst\u00f3 a los peregrinos a dotarse de agua, alimentos y dem\u00e1s provisiones para el acto lit\u00fargico. Recomend\u00f3 que, de ser necesario, no se lleve a ni\u00f1os peque\u00f1os o personas de la tercera edad que requieran movilizaci\u00f3n especial, debido a la gran concentraci\u00f3n de fieles.<\/p>\n<p style=\"text-align: justify;\">No obstante, el canciller record\u00f3 que la ubicaci\u00f3n de los asistentes no ser\u00e1 desordenada. \u00abNo habr\u00e1 conglomeraci\u00f3n de gente. Habr\u00e1 bloques, equipos de auxilios; habr\u00e1 mallas para evitar a riesgos\u00bb, dijo. Reiter\u00f3 que \u00abla ciudadan\u00eda ahora ya estar\u00e1 lista para recibir el mensaje del santo padre que es lo m\u00e1s importante de la visita\u00bb.<\/p>\n<p style=\"text-align: justify;\">Al finalizar el simulacro, el presidente Correa se\u00f1al\u00f3 que la organizaci\u00f3n es buena y felicit\u00f3 las acciones emprendidas. \u00abTodo est\u00e1 listo, adem\u00e1s los recursos que estamos utilizando no exist\u00edan en el pa\u00eds. Vamos a tener decenas de ambulancias, hospitales m\u00f3viles. Es otro pa\u00eds, yo me siento orgulloso\u00bb, dijo.<\/p>\n<p style=\"text-align: justify;\">Christian Rivera Zapata, director general del ECU911, inform\u00f3 que el personal verific\u00f3 el funcionamiento de la megafon\u00eda, las c\u00e1maras de videovigilancia, as\u00ed como los puntos estrat\u00e9gicos donde se cumplir\u00e1 el recorrido del sumo pont\u00edfice, montado en su Papam\u00f3vil.<\/p>\n<p style=\"text-align: justify;\">\u00abEl ECU911 coordin\u00f3 la instalaci\u00f3n de las c\u00e1maras de seguridad en las diversas rutas que recorrer\u00e1 el Papa; las c\u00e1maras contar\u00e1n con megafon\u00eda para generar mensajes de prevenci\u00f3n e indicadores en casos de emergencia\u00bb, inform\u00f3 el funcionario.<\/p>\n<p style=\"text-align: justify;\">El Servicio Integrado de Seguridad contar\u00e1 con 2 centros de mando unificado: uno en el Centro ECU911 de Quito y otro en el Centro de Samborond\u00f3n, los cuales se activar\u00e1n en las salas de crisis a partir de las 14:00 del domingo 5 de julio y se mantendr\u00e1 activas hasta finalizar las actividades del papa Francisco.<\/p>\n<p style=\"text-align: justify;\">Rivera aclar\u00f3 que aunque haya un operativo especial para vigilar los alrededores de la concentraci\u00f3n de los fieles, las centrales se mantendr\u00e1n alertas y funcionar\u00e1n normalmente, ante cualquier eventualidad.<\/p>\n<p style=\"text-align: justify;\">En cambio el ministro Serrano se\u00f1al\u00f3 que tambi\u00e9n se contempla la identificaci\u00f3n de los extranjeros (c\u00e9dula o pasaporte). Para ello se ejecutaron acciones coordinadas con la Arquidi\u00f3cesis y con la Canciller\u00eda para ubicarlos en sus respectivos espacios. Pati\u00f1o agreg\u00f3 que en su mayor\u00eda los visitantes provienen de Colombia y Per\u00fa.( EL TEL\u00c9GRAFO)<\/p>\n","protected":false},"excerpt":{"rendered":"<p>El presidente Rafael Correa presenci\u00f3 un simulacro para conocer c\u00f3mo funcionar\u00e1 el contingente de seguridad con el que se llevar\u00e1<\/p>\n","protected":false},"author":1,"featured_media":0,"comment_status":"open","ping_status":"open","sticky":false,"template":"","format":"standard","meta":{"footnotes":""},"categories":[14],"tags":[],"_links":{"self":[{"href":"https:\/\/www.ecuadoraldia.com.ec\/index.php?rest_route=\/wp\/v2\/posts\/9883"}],"collection":[{"href":"https:\/\/www.ecuadoraldia.com.ec\/index.php?rest_route=\/wp\/v2\/posts"}],"about":[{"href":"https:\/\/www.ecuadoraldia.com.ec\/index.php?rest_route=\/wp\/v2\/types\/post"}],"author":[{"embeddable":true,"href":"https:\/\/www.ecuadoraldia.com.ec\/index.php?rest_route=\/wp\/v2\/users\/1"}],"replies":[{"embeddable":true,"href":"https:\/\/www.ecuadoraldia.com.ec\/index.php?rest_route=%2Fwp%2Fv2%2Fcomments&post=9883"}],"version-history":[{"count":1,"href":"https:\/\/www.ecuadoraldia.com.ec\/index.php?rest_route=\/wp\/v2\/posts\/9883\/revisions"}],"predecessor-version":[{"id":9885,"href":"https:\/\/www.ecuadoraldia.com.ec\/index.php?rest_route=\/wp\/v2\/posts\/9883\/revisions\/9885"}],"wp:attachment":[{"href":"https:\/\/www.ecuadoraldia.com.ec\/index.php?rest_route=%2Fwp%2Fv2%2Fmedia&parent=9883"}],"wp:term":[{"taxonomy":"category","embeddable":true,"href":"https:\/\/www.ecuadoraldia.com.ec\/index.php?rest_route=%2Fwp%2Fv2%2Fcategories&post=9883"},{"taxonomy":"post_tag","embeddable":true,"href":"https:\/\/www.ecuadoraldia.com.ec\/index.php?rest_route=%2Fwp%2Fv2%2Ftags&post=9883"}],"curies":[{"name":"wp","href":"https:\/\/api.w.org\/{rel}","templated":true}]}}