{"id":9886,"date":"2015-07-01T00:32:00","date_gmt":"2015-07-01T00:32:00","guid":{"rendered":"http:\/\/www.ecuadoraldia.com.ec\/?p=9886"},"modified":"2015-07-01T00:32:00","modified_gmt":"2015-07-01T00:32:00","slug":"ecuador-participo-en-la-vii-cumbre-mundial-de-comunicacion-politica","status":"publish","type":"post","link":"https:\/\/www.ecuadoraldia.com.ec\/?p=9886","title":{"rendered":"Ecuador particip\u00f3 \u00a0en la VII Cumbre Mundial de Comunicaci\u00f3n Pol\u00edtica"},"content":{"rendered":"<p style=\"text-align: justify;\"><a href=\"http:\/\/www.ecuadoraldia.com.ec\/wp-content\/uploads\/2015\/07\/1_1.jpg\"><img loading=\"lazy\" decoding=\"async\" class=\"alignleft size-medium wp-image-9887\" src=\"http:\/\/www.ecuadoraldia.com.ec\/wp-content\/uploads\/2015\/07\/1_1-300x148.jpg\" alt=\"1_1\" width=\"300\" height=\"148\" srcset=\"https:\/\/www.ecuadoraldia.com.ec\/wp-content\/uploads\/2015\/07\/1_1-300x148.jpg 300w, https:\/\/www.ecuadoraldia.com.ec\/wp-content\/uploads\/2015\/07\/1_1.jpg 625w\" sizes=\"(max-width: 300px) 100vw, 300px\" \/><\/a>El proceso de democratizaci\u00f3n de la comunicaci\u00f3n en Ecuador, a partir de la vigencia de una ley aprobada por mandato popular y el sustento para su aplicaci\u00f3n, fue el tema con el que el Superintendente de la Informaci\u00f3n y Comunicaci\u00f3n, Carlos Ochoa, particip\u00f3 en la VII Cumbre Mundial de Comunicaci\u00f3n Pol\u00edtica, que se realiz\u00f3 entre el 25 y 27 de junio, en Santo Domingo, Rep\u00fablica Dominicana.<\/p>\n<p style=\"text-align: justify;\">\nComo invitado especial, el Superintendente acompa\u00f1\u00f3 en la mesa directiva al argentino Daniel Ivoskus, organizador del evento, Cristina Lizardo, Presidenta del Senado de Rep\u00fablica Dominicana, y otras autoridades locales, a la inauguraci\u00f3n del encuentro internacional.<\/p>\n<p>Posteriormente, particip\u00f3 como conferencista con el tema: \u201cLey de Comunicaci\u00f3n, origen, desarrollo y aplicaci\u00f3n\u201d.<\/p>\n<p>Este encuentro internacional que se realiza anualmente congrega a periodistas, acad\u00e9micos, funcionarios de Estado, consultores y representantes de medios de comunicaci\u00f3n y estudiantes de carreras afines, quienes debaten las tendencias y herramientas de la comunicaci\u00f3n pol\u00edtica.<\/p>\n<p>Entre los m\u00e1s reconocidos estuvieron los espa\u00f1oles Antony Guti\u00e9rrez Rub\u00ed, Tony Puig, el argentino Carlos Souto, el colombiano Mauricio de Vingoechea, entre otros.<\/p>\n<p>Se analizaron cinco grandes temas: campa\u00f1as electorales, Pol\u00edtica y nuevas tecnolog\u00edas, Comunicaci\u00f3n gubernamental, Medios y opini\u00f3n p\u00fablica y en esta edici\u00f3n se suma J\u00f3venes y pol\u00edtica.<\/p>\n<p>Los asistentes participaron en mesas de debate, paneles y talleres sobre: Pol\u00edtica y discriminaci\u00f3n, Contexto y discurso pol\u00edtico, Estrategias de comunicaci\u00f3n para gobiernos, Comunicaci\u00f3n institucional, Estrategia y creatividad, Protagonismo de la mujer en la pol\u00edtica, Publicidad pol\u00edtica, Marketing pol\u00edtico, Casos de campa\u00f1as exitosas, Publicidad pol\u00edtica, \u2018Training\u2019 mujeres en la pol\u00edtica\u2019, entre otros.<\/p>\n<p>Al finalizar su conferencia, el Superintedente mantuvo un di\u00e1logo personal con los ecuatorianos que asistieron a la charla.(Supercom)<\/p>\n","protected":false},"excerpt":{"rendered":"<p>El proceso de democratizaci\u00f3n de la comunicaci\u00f3n en Ecuador, a partir de la vigencia de una ley aprobada por mandato<\/p>\n","protected":false},"author":1,"featured_media":0,"comment_status":"open","ping_status":"open","sticky":false,"template":"","format":"standard","meta":{"footnotes":""},"categories":[3],"tags":[],"_links":{"self":[{"href":"https:\/\/www.ecuadoraldia.com.ec\/index.php?rest_route=\/wp\/v2\/posts\/9886"}],"collection":[{"href":"https:\/\/www.ecuadoraldia.com.ec\/index.php?rest_route=\/wp\/v2\/posts"}],"about":[{"href":"https:\/\/www.ecuadoraldia.com.ec\/index.php?rest_route=\/wp\/v2\/types\/post"}],"author":[{"embeddable":true,"href":"https:\/\/www.ecuadoraldia.com.ec\/index.php?rest_route=\/wp\/v2\/users\/1"}],"replies":[{"embeddable":true,"href":"https:\/\/www.ecuadoraldia.com.ec\/index.php?rest_route=%2Fwp%2Fv2%2Fcomments&post=9886"}],"version-history":[{"count":1,"href":"https:\/\/www.ecuadoraldia.com.ec\/index.php?rest_route=\/wp\/v2\/posts\/9886\/revisions"}],"predecessor-version":[{"id":9888,"href":"https:\/\/www.ecuadoraldia.com.ec\/index.php?rest_route=\/wp\/v2\/posts\/9886\/revisions\/9888"}],"wp:attachment":[{"href":"https:\/\/www.ecuadoraldia.com.ec\/index.php?rest_route=%2Fwp%2Fv2%2Fmedia&parent=9886"}],"wp:term":[{"taxonomy":"category","embeddable":true,"href":"https:\/\/www.ecuadoraldia.com.ec\/index.php?rest_route=%2Fwp%2Fv2%2Fcategories&post=9886"},{"taxonomy":"post_tag","embeddable":true,"href":"https:\/\/www.ecuadoraldia.com.ec\/index.php?rest_route=%2Fwp%2Fv2%2Ftags&post=9886"}],"curies":[{"name":"wp","href":"https:\/\/api.w.org\/{rel}","templated":true}]}}