{"id":9889,"date":"2015-07-01T00:35:58","date_gmt":"2015-07-01T00:35:58","guid":{"rendered":"http:\/\/www.ecuadoraldia.com.ec\/?p=9889"},"modified":"2015-07-01T00:35:58","modified_gmt":"2015-07-01T00:35:58","slug":"supercom-desecha-denuncia-en-contra-de-diario-pp-el-verdadero","status":"publish","type":"post","link":"https:\/\/www.ecuadoraldia.com.ec\/?p=9889","title":{"rendered":"SUPERCOM desecha denuncia en contra de diario \u2018PP El Verdadero\u2019"},"content":{"rendered":"<p style=\"text-align: justify;\"><a href=\"http:\/\/www.ecuadoraldia.com.ec\/wp-content\/uploads\/2015\/07\/7-pp.png\"><img loading=\"lazy\" decoding=\"async\" class=\"alignleft size-medium wp-image-9890\" src=\"http:\/\/www.ecuadoraldia.com.ec\/wp-content\/uploads\/2015\/07\/7-pp-300x202.png\" alt=\"7-pp\" width=\"300\" height=\"202\" srcset=\"https:\/\/www.ecuadoraldia.com.ec\/wp-content\/uploads\/2015\/07\/7-pp-300x202.png 300w, https:\/\/www.ecuadoraldia.com.ec\/wp-content\/uploads\/2015\/07\/7-pp.png 464w\" sizes=\"(max-width: 300px) 100vw, 300px\" \/><\/a>Quito.30 junio 2015.La Superintendencia de la Informaci\u00f3n y Comunicaci\u00f3n (SUPERCOM), de conformidad con las atribuciones contempladas en el art\u00edculo 56 de la Ley Org\u00e1nica de Comunicaci\u00f3n (LOC), desech\u00f3 la denuncia interpuesta en contra de diario \u2018PP El Verdadero\u2019 ya que no incumpli\u00f3 lo dispuesto en el art\u00edculo 24 de la normativa vigente.<\/p>\n<p style=\"text-align: justify;\">\nEl reclamo ante esta Superintendencia lo present\u00f3 el presidente de la Compa\u00f1\u00eda de Importaciones y Exportaciones Paulis Impaulis C\u00eda. Ltda., Ab. Enrique Avil\u00e9s, quien manifest\u00f3 que el medio de comunicaci\u00f3n social habr\u00eda infringido el mencionado art\u00edculo, tras un pedido de r\u00e9plica por una nota period\u00edstica publicada el 15 de noviembre de 2014.<\/p>\n<p>Esta Superintendencia dispuso el archivo del procedimiento administrativo.<\/p>\n<p>ANTECEDENTES<\/p>\n<p style=\"text-align: justify;\">&#8211; El 15 de noviembre de 2014, diario \u2018PP El Verdadero\u2019, en la p\u00e1gina 16 correspondiente a la secci\u00f3n \u2018PP barrios\u2019, public\u00f3 la nota period\u00edstica titulada \u201cHabitantes de La Karolina, en camino a la legalizaci\u00f3n\u201d.<\/p>\n<p>&#8211; El 12 de marzo de 2015, el abogado Avil\u00e9s envi\u00f3 al Editor de \u2018El Tel\u00e9grafo\u2019 una solicitud de r\u00e9plica de la noticia en menci\u00f3n.<\/p>\n<p>&#8211; Tras notificar a las partes, se convoc\u00f3 a la Audiencia de Sustanciaci\u00f3n fijada para el 19 de junio de 2015, de conformidad con el art\u00edculo 14 del Reglamento para el Procesamiento de Infracciones Administrativas a la Ley de Comunicaci\u00f3n.<\/p>\n<p>&#8211; En la fecha establecida se confirm\u00f3 la asistencia de la abogada M\u00f3nica Feij\u00f3o Rivadeneira, en representaci\u00f3n del medio de comunicaci\u00f3n accionado y del abogado Alfredo Maldonado, en representaci\u00f3n del se\u00f1or Enrique Avil\u00e9s, Presidente de la Compa\u00f1\u00eda de Importaciones y Exportaciones Paulis Impaulis C\u00eda. Ltda.<\/p>\n<p>&#8211; Durante la diligencia, la abogada Feij\u00f3o puntualiz\u00f3 que \u2018El Tel\u00e9grafo\u2019 y \u2018PP El Verdadero\u2019 son propiedad de la Empresa P\u00fablica El Tel\u00e9grafo EP y no tienen capacidad de representarse a s\u00ed mismos. Adem\u00e1s, cada uno de estos medios cuenta con un Editor General, que en el primer caso le corresponde al se\u00f1or Orlando P\u00e9rez, mientras que del segundo, al se\u00f1or Edwin Ulloa. El Editor del diario \u2018PP El Verdadero\u2019 \u201cnunca recibi\u00f3 la solicitud de r\u00e9plica planteada por el representante legal de Paulis Impaulis C\u00eda. Ltda.\u201d, expres\u00f3 la abogada, aclarando que si bien ambos tienen la misma casa editora y funcionan en las mismas instalaciones, trabajan en oficinas separadas. Esto significa que el contenido editorial del peri\u00f3dico denunciado \u201ces responsabilidad de una persona totalmente diferente a la de Orlando P\u00e9rez\u201d. Tambi\u00e9n puntualiz\u00f3 que la solicitud que lleg\u00f3 dirigida al se\u00f1or P\u00e9rez \u201cnunca estuvo aparejada con la respectiva r\u00e9plica\u201d.<\/p>\n<p>-Por su parte, el abogado Alfredo Maldonado ratific\u00f3 la denuncia en contra del rotativo, afirmando que \u201cdentro de las mismas oficinas que quedan \u2018PP El Verdadero se encuentra \u2018El Tel\u00e9grafo\u2019, son medios conexos, que est\u00e1n ligados entre s\u00ed porque son diarios del Estado\u201d. Reiter\u00f3 que se incumpli\u00f3 el derecho a la r\u00e9plica a favor del abogado Enrique Segundo Avil\u00e9s Mu\u00f1oz, por lo que solicit\u00f3 se lo sancione y se conmine a concederle este derecho. Record\u00f3 que la actual Constituci\u00f3n le ampara, al igual que la LOC y en la Convenci\u00f3n Interamericana de Derechos Humanos.<\/p>\n<p>Luego del an\u00e1lisis de los elementos jur\u00eddicos se determin\u00f3 que \u2018PP El Verdadero\u2019 no incumpli\u00f3 el art\u00edculo 24 de la LOC, debido a que el se\u00f1or Avil\u00e9s Mu\u00f1oz \u201casumi\u00f3 que el representante legal de medio denunciado era el se\u00f1or Orlando P\u00e9rez (actual Editor General de El Tel\u00e9grafo), y no tom\u00f3 en consideraci\u00f3n que la solicitud debi\u00f3 dirigir al Editor General de Diario \u2018PP El Verdadero\u2019 o al representante legal de la Empresa P\u00fablica El Tel\u00e9grafo EP, que es la casa editora de los dos medios de comunicaci\u00f3n impresos\u201d.<\/p>\n<p>Adem\u00e1s, el denunciante debi\u00f3 dirigir su pedido de r\u00e9plica, \u201cadjuntado el texto de los argumentos de la misma, al Editor General de Diario \u201cPP El Verdadero\u201d (se\u00f1or Edwin Ulloa) o a su vez al Gerente General de la Empresa P\u00fablica El Tel\u00e9grafo EP (se\u00f1or Santiago Le\u00f3n Abad), a fin de que el medio de comunicaci\u00f3n social denunciado pueda dar cumplimiento a lo dispuesto en el art\u00edculo 24\u201d de la LOC. En este caso, no se adjunt\u00f3 el texto.<\/p>\n<p>Ante esto, el peri\u00f3dico \u201cno cont\u00f3 con los elementos indispensables para viabilizar el derecho a la r\u00e9plica que el accionante requer\u00eda, esto es, la solicitud de r\u00e9plica, dirigida al medio de comunicaci\u00f3n social denunciado, as\u00ed como el texto con los fundamentos o argumentos de la misma, conforme lo establece\u201d el art\u00edculo 9 del Reglamento General de la LOC.<\/p>\n<p>Este se\u00f1ala que \u201cen el caso de los medios de comunicaci\u00f3n impresos, el contenido de la rectificaci\u00f3n como los argumentos de r\u00e9plica se remitir\u00e1n al medio por escrito por parte de la persona afectada, quien se identificar\u00e1 para tales efectos. Esta comunicaci\u00f3n podr\u00e1 ser enviada en soporte f\u00edsico o mediante un texto electr\u00f3nico y el medio impreso deber\u00e1 publicar en el mismo espacio y secci\u00f3n en que se difundieron los contenidos que motivaron la petici\u00f3n de la rectificaci\u00f3n o de la r\u00e9plica\u2026\u201d.\/Supercom<\/p>\n","protected":false},"excerpt":{"rendered":"<p>Quito.30 junio 2015.La Superintendencia de la Informaci\u00f3n y Comunicaci\u00f3n (SUPERCOM), de conformidad con las atribuciones contempladas en el art\u00edculo 56<\/p>\n","protected":false},"author":1,"featured_media":0,"comment_status":"open","ping_status":"open","sticky":false,"template":"","format":"standard","meta":{"footnotes":""},"categories":[3],"tags":[],"_links":{"self":[{"href":"https:\/\/www.ecuadoraldia.com.ec\/index.php?rest_route=\/wp\/v2\/posts\/9889"}],"collection":[{"href":"https:\/\/www.ecuadoraldia.com.ec\/index.php?rest_route=\/wp\/v2\/posts"}],"about":[{"href":"https:\/\/www.ecuadoraldia.com.ec\/index.php?rest_route=\/wp\/v2\/types\/post"}],"author":[{"embeddable":true,"href":"https:\/\/www.ecuadoraldia.com.ec\/index.php?rest_route=\/wp\/v2\/users\/1"}],"replies":[{"embeddable":true,"href":"https:\/\/www.ecuadoraldia.com.ec\/index.php?rest_route=%2Fwp%2Fv2%2Fcomments&post=9889"}],"version-history":[{"count":1,"href":"https:\/\/www.ecuadoraldia.com.ec\/index.php?rest_route=\/wp\/v2\/posts\/9889\/revisions"}],"predecessor-version":[{"id":9891,"href":"https:\/\/www.ecuadoraldia.com.ec\/index.php?rest_route=\/wp\/v2\/posts\/9889\/revisions\/9891"}],"wp:attachment":[{"href":"https:\/\/www.ecuadoraldia.com.ec\/index.php?rest_route=%2Fwp%2Fv2%2Fmedia&parent=9889"}],"wp:term":[{"taxonomy":"category","embeddable":true,"href":"https:\/\/www.ecuadoraldia.com.ec\/index.php?rest_route=%2Fwp%2Fv2%2Fcategories&post=9889"},{"taxonomy":"post_tag","embeddable":true,"href":"https:\/\/www.ecuadoraldia.com.ec\/index.php?rest_route=%2Fwp%2Fv2%2Ftags&post=9889"}],"curies":[{"name":"wp","href":"https:\/\/api.w.org\/{rel}","templated":true}]}}