{"id":9892,"date":"2015-07-01T00:42:47","date_gmt":"2015-07-01T00:42:47","guid":{"rendered":"http:\/\/www.ecuadoraldia.com.ec\/?p=9892"},"modified":"2015-07-01T00:42:47","modified_gmt":"2015-07-01T00:42:47","slug":"antes-de-viajar-a-america-latina-francisco-visito-a-benedicto-xvi","status":"publish","type":"post","link":"https:\/\/www.ecuadoraldia.com.ec\/?p=9892","title":{"rendered":"Antes de viajar a Am\u00e9rica Latina, Francisco visit\u00f3 a Benedicto XVI"},"content":{"rendered":"<figure id=\"attachment_9893\" aria-describedby=\"caption-attachment-9893\" style=\"width: 269px\" class=\"wp-caption alignleft\"><a href=\"http:\/\/www.ecuadoraldia.com.ec\/wp-content\/uploads\/2015\/07\/papas.jpg\"><img loading=\"lazy\" decoding=\"async\" class=\"size-full wp-image-9893\" src=\"http:\/\/www.ecuadoraldia.com.ec\/wp-content\/uploads\/2015\/07\/papas.jpg\" alt=\"El Sumo Pont\u00edfice y el Papa Em\u00e9rito mantuvieron un encuentro por espacio de media hora, antes del viaje del alem\u00e1n a Castel Gandolfo, donde descansar\u00e1 durante dos semanas\" width=\"269\" height=\"255\" \/><\/a><figcaption id=\"caption-attachment-9893\" class=\"wp-caption-text\">El Sumo Pont\u00edfice y el Papa Em\u00e9rito mantuvieron un encuentro por espacio de media hora, antes del viaje del alem\u00e1n a Castel Gandolfo, donde descansar\u00e1 durante dos semanas<\/figcaption><\/figure>\n<p style=\"text-align: justify;\">Cr\u00e9dito: AFP. El papa em\u00e9rito Benedicto XVI recibi\u00f3, esta ma\u00f1ana, la visita del papa Francisco en su residencia, el ex convento Mater Ecclesiae, donde el Sumo Pont\u00edfice lo salud\u00f3 antes de que el alem\u00e1n emprenda un viaje a Castel Gandolfo, donde pasar\u00e1 dos semanas. Bennedicto y Francisco dialogaron por espacio de media hora.<\/p>\n<p style=\"text-align: justify;\">Tras la renuncia de Benedicto XVI como jefe de la Iglesia, mucho se habl\u00f3 sobre c\u00f3mo ser\u00eda la relaci\u00f3n que tendr\u00edan Francisco y Benedicto XVI. La dimisi\u00f3n, algo que no suced\u00eda desde hac\u00eda cerca de ocho siglos, puso a la Iglesia cat\u00f3lica en la casi in\u00e9dita situaci\u00f3n de tener dos papas conviviendo en el Vaticano. Sin embargo, tras m\u00e1s de dos a\u00f1os de papado de Francisco, la relaci\u00f3n es arm\u00f3nica e incluso, consultado al respecto, el argentino afirm\u00f3 que \u00abes como tener un sabio en casa\u00bb.<\/p>\n<p style=\"text-align: justify;\">Adem\u00e1s de anunciar el encuentro entre ambos papas, la Oficina de Prensa de la Santa Sede inform\u00f3 que las audiencias generales de los mi\u00e9rcoles ser\u00e1n suspendidas durante todo el mes de julio y se reanudar\u00e1n en el mes de agosto.<\/p>\n<p style=\"text-align: justify;\">A excepci\u00f3n de la prevista audiencia vespertina del 3 de julio al Movimiento de Renovaci\u00f3n en el Esp\u00edritu en la Plaza de San Pedro, se suspenden todas las dem\u00e1s audiencias durante este per\u00edodo estivo. Asimismo, las misas matutinas del Papa con grupos de fieles en la casa de Santa Marta se cancelan durante julio y agosto para reanudarse a primeros de septiembre.<\/p>\n<p style=\"text-align: justify;\">Este domingo, Francisco emprender\u00e1 una gira latinoamericana que lo llevar\u00e1 a Ecuador, Bolivia y Paraguay, en su primera visita a pa\u00edses de habla hispana.AFP<\/p>\n","protected":false},"excerpt":{"rendered":"<p>Cr\u00e9dito: AFP. El papa em\u00e9rito Benedicto XVI recibi\u00f3, esta ma\u00f1ana, la visita del papa Francisco en su residencia, el ex<\/p>\n","protected":false},"author":1,"featured_media":0,"comment_status":"open","ping_status":"open","sticky":false,"template":"","format":"standard","meta":{"footnotes":""},"categories":[7],"tags":[],"_links":{"self":[{"href":"https:\/\/www.ecuadoraldia.com.ec\/index.php?rest_route=\/wp\/v2\/posts\/9892"}],"collection":[{"href":"https:\/\/www.ecuadoraldia.com.ec\/index.php?rest_route=\/wp\/v2\/posts"}],"about":[{"href":"https:\/\/www.ecuadoraldia.com.ec\/index.php?rest_route=\/wp\/v2\/types\/post"}],"author":[{"embeddable":true,"href":"https:\/\/www.ecuadoraldia.com.ec\/index.php?rest_route=\/wp\/v2\/users\/1"}],"replies":[{"embeddable":true,"href":"https:\/\/www.ecuadoraldia.com.ec\/index.php?rest_route=%2Fwp%2Fv2%2Fcomments&post=9892"}],"version-history":[{"count":1,"href":"https:\/\/www.ecuadoraldia.com.ec\/index.php?rest_route=\/wp\/v2\/posts\/9892\/revisions"}],"predecessor-version":[{"id":9894,"href":"https:\/\/www.ecuadoraldia.com.ec\/index.php?rest_route=\/wp\/v2\/posts\/9892\/revisions\/9894"}],"wp:attachment":[{"href":"https:\/\/www.ecuadoraldia.com.ec\/index.php?rest_route=%2Fwp%2Fv2%2Fmedia&parent=9892"}],"wp:term":[{"taxonomy":"category","embeddable":true,"href":"https:\/\/www.ecuadoraldia.com.ec\/index.php?rest_route=%2Fwp%2Fv2%2Fcategories&post=9892"},{"taxonomy":"post_tag","embeddable":true,"href":"https:\/\/www.ecuadoraldia.com.ec\/index.php?rest_route=%2Fwp%2Fv2%2Ftags&post=9892"}],"curies":[{"name":"wp","href":"https:\/\/api.w.org\/{rel}","templated":true}]}}