{"id":9899,"date":"2015-07-01T22:10:25","date_gmt":"2015-07-01T22:10:25","guid":{"rendered":"http:\/\/www.ecuadoraldia.com.ec\/?p=9899"},"modified":"2015-07-01T22:10:36","modified_gmt":"2015-07-01T22:10:36","slug":"kerry-viajara-a-cuba-para-abrir-embajada-de-ee-uu","status":"publish","type":"post","link":"https:\/\/www.ecuadoraldia.com.ec\/?p=9899","title":{"rendered":"Kerry viajar\u00e1 a Cuba para abrir embajada de EE.UU."},"content":{"rendered":"<p style=\"text-align: justify;\"><a href=\"http:\/\/www.ecuadoraldia.com.ec\/wp-content\/uploads\/2015\/07\/kerry.jpg\"><img loading=\"lazy\" decoding=\"async\" class=\"alignleft size-full wp-image-9900\" src=\"http:\/\/www.ecuadoraldia.com.ec\/wp-content\/uploads\/2015\/07\/kerry.jpg\" alt=\"kerry\" width=\"275\" height=\"183\" \/><\/a>Washington, EFE. El presidente de EE.UU., Barack Obama, dijo 1.\u00ba de julio de 2015 que su secretario de Estado, John Kerry, viajar\u00e1 \u00abeste verano\u00bb a La Habana para abrir la embajada estadounidense en Cuba, con lo que se convertir\u00e1 en el funcionario norteamericano de m\u00e1s alto rango en visitar la isla en m\u00e1s de medio siglo.<\/p>\n<p style=\"text-align: justify;\">En una declaraci\u00f3n a la prensa desde la Rosaleda de la Casa Blanca, Obama no precis\u00f3 la fecha en la que viajar\u00e1 Kerry, a pesar de que el Gobierno cubano ha indicado que las embajadas se abrir\u00e1n a partir del 20 de julio.<\/p>\n","protected":false},"excerpt":{"rendered":"<p>Washington, EFE. El presidente de EE.UU., Barack Obama, dijo 1.\u00ba de julio de 2015 que su secretario de Estado, John<\/p>\n","protected":false},"author":1,"featured_media":0,"comment_status":"open","ping_status":"open","sticky":false,"template":"","format":"standard","meta":{"footnotes":""},"categories":[7],"tags":[],"_links":{"self":[{"href":"https:\/\/www.ecuadoraldia.com.ec\/index.php?rest_route=\/wp\/v2\/posts\/9899"}],"collection":[{"href":"https:\/\/www.ecuadoraldia.com.ec\/index.php?rest_route=\/wp\/v2\/posts"}],"about":[{"href":"https:\/\/www.ecuadoraldia.com.ec\/index.php?rest_route=\/wp\/v2\/types\/post"}],"author":[{"embeddable":true,"href":"https:\/\/www.ecuadoraldia.com.ec\/index.php?rest_route=\/wp\/v2\/users\/1"}],"replies":[{"embeddable":true,"href":"https:\/\/www.ecuadoraldia.com.ec\/index.php?rest_route=%2Fwp%2Fv2%2Fcomments&post=9899"}],"version-history":[{"count":2,"href":"https:\/\/www.ecuadoraldia.com.ec\/index.php?rest_route=\/wp\/v2\/posts\/9899\/revisions"}],"predecessor-version":[{"id":9902,"href":"https:\/\/www.ecuadoraldia.com.ec\/index.php?rest_route=\/wp\/v2\/posts\/9899\/revisions\/9902"}],"wp:attachment":[{"href":"https:\/\/www.ecuadoraldia.com.ec\/index.php?rest_route=%2Fwp%2Fv2%2Fmedia&parent=9899"}],"wp:term":[{"taxonomy":"category","embeddable":true,"href":"https:\/\/www.ecuadoraldia.com.ec\/index.php?rest_route=%2Fwp%2Fv2%2Fcategories&post=9899"},{"taxonomy":"post_tag","embeddable":true,"href":"https:\/\/www.ecuadoraldia.com.ec\/index.php?rest_route=%2Fwp%2Fv2%2Ftags&post=9899"}],"curies":[{"name":"wp","href":"https:\/\/api.w.org\/{rel}","templated":true}]}}