{"id":9903,"date":"2015-07-01T22:14:39","date_gmt":"2015-07-01T22:14:39","guid":{"rendered":"http:\/\/www.ecuadoraldia.com.ec\/?p=9903"},"modified":"2015-07-01T22:14:39","modified_gmt":"2015-07-01T22:14:39","slug":"organizaciones-del-frente-unidos-se-concentraran-en-la-plaza-grande","status":"publish","type":"post","link":"https:\/\/www.ecuadoraldia.com.ec\/?p=9903","title":{"rendered":"Organizaciones del Frente Unidos se concentrar\u00e1n en la Plaza Grande"},"content":{"rendered":"<figure id=\"attachment_9904\" aria-describedby=\"caption-attachment-9904\" style=\"width: 300px\" class=\"wp-caption alignleft\"><a href=\"http:\/\/www.ecuadoraldia.com.ec\/wp-content\/uploads\/2015\/07\/unidos.jpg\"><img loading=\"lazy\" decoding=\"async\" class=\"size-medium wp-image-9904\" src=\"http:\/\/www.ecuadoraldia.com.ec\/wp-content\/uploads\/2015\/07\/unidos-300x197.jpg\" alt=\"Varios Dirigentes de Izquierda se pronunciaron hoy sobre marchas de la oposici\u00f3n\" width=\"300\" height=\"197\" srcset=\"https:\/\/www.ecuadoraldia.com.ec\/wp-content\/uploads\/2015\/07\/unidos-300x197.jpg 300w, https:\/\/www.ecuadoraldia.com.ec\/wp-content\/uploads\/2015\/07\/unidos.jpg 635w\" sizes=\"(max-width: 300px) 100vw, 300px\" \/><\/a><figcaption id=\"caption-attachment-9904\" class=\"wp-caption-text\">Varios Dirigentes de Izquierda se pronunciaron hoy sobre marchas de la oposici\u00f3n y anunciaron respaldo al gobierno<\/figcaption><\/figure>\n<p style=\"text-align: justify;\">Los representantes del Frente Unidos, que est\u00e1 integrado por 16 organizaciones del pa\u00eds, convocan ma\u00f1ana a una movilizaci\u00f3n, desde las 16:00, en la Plaza de la Independencia en defensa del proyecto de Revoluci\u00f3n Ciudadana.<\/p>\n<p style=\"text-align: justify;\">Fabi\u00e1n Solano, presidente del partido Socialista, se\u00f1al\u00f3 que los l\u00edderes de las organizaciones rechazan los \u00abdiscursos incendiarios\u00bb de ciertos dirigentes de la oposici\u00f3n. Por ello, manifest\u00f3 que llaman a personajes como a los alcaldes Jaime Nebot, de Guayaquil; Mauricio Rodas, en Quito; el exbanquero Guillermo Lasso, el asamble\u00edsta Andr\u00e9s P\u00e1ez, entre otros. Aseguraron que est\u00e1n prestos a dialogar con los sectores de oposici\u00f3n y por ello analizan realizar una invitaci\u00f3n formal para un debate con estos actores.<\/p>\n<p style=\"text-align: justify;\">\u00abEl di\u00e1logo que propone el gobierno lo respaldaremos, participaremos, pero creemos que tambi\u00e9n debe haber un debate pol\u00edtico de las tesis program\u00e1ticas, que orienten a la toma de decisiones del pueblo ecuatoriano\u00bb, dijo Solano, a la vez que manifest\u00f3 que los debates dar\u00e1n en los territorios en los cantones y provincias de todo el pa\u00eds.<\/p>\n<p style=\"text-align: justify;\">\u00d3scar Bonilla, secretario de acci\u00f3n pol\u00edtica de PAIS, afirm\u00f3 que no declinar\u00e1n en la lucha de defensa de un \u00abproyecto estructural\u00bb. Pidi\u00f3 a la ciudadan\u00eda salir a las calles a defender el proceso, \u00abante intentos desestabilizadores\u00bb.<\/p>\n<p style=\"text-align: justify;\">Bonilla dijo que la batalla de las organizaciones ser\u00e1 de \u00abideas y con m\u00e1s orden democr\u00e1tico\u00bb. Dijo que ciertos grupos de oposici\u00f3n organizan las movilizaciones con \u00abfines de desestabilizaci\u00f3n con miras a un golpe de Estado\u00bb.<\/p>\n<p style=\"text-align: justify;\">El representante de PAIS indic\u00f3 que las movilizaciones son \u00abcalentamientos en la calle\u00bb, dentro de lo que se conoce como golpes blandos de la reestructuraci\u00f3n conservadora de la derecha. \u00abLa intenci\u00f3n de los poderes f\u00e1cticos internacionales es destruir la tendencia progresista\u00bb, indic\u00f3 Bonilla.<\/p>\n<p style=\"text-align: justify;\">El Frente Unidos, entre otras organizaciones, est\u00e1 integrado por PAIS, Acci\u00f3n Regional (Are), Alfaro Vive Carajo, Amazon\u00eda Vive, Centro Democr\u00e1tico, Partido Comunista, Conduce, Movimiento Aut\u00f3nomo Regional, MIR, Pachakutik-Chimborazo, Unidad Primero Manab\u00ed y el Partido Socialista.<\/p>\n","protected":false},"excerpt":{"rendered":"<p>Los representantes del Frente Unidos, que est\u00e1 integrado por 16 organizaciones del pa\u00eds, convocan ma\u00f1ana a una movilizaci\u00f3n, desde las<\/p>\n","protected":false},"author":1,"featured_media":0,"comment_status":"open","ping_status":"open","sticky":false,"template":"","format":"standard","meta":{"footnotes":""},"categories":[3],"tags":[],"_links":{"self":[{"href":"https:\/\/www.ecuadoraldia.com.ec\/index.php?rest_route=\/wp\/v2\/posts\/9903"}],"collection":[{"href":"https:\/\/www.ecuadoraldia.com.ec\/index.php?rest_route=\/wp\/v2\/posts"}],"about":[{"href":"https:\/\/www.ecuadoraldia.com.ec\/index.php?rest_route=\/wp\/v2\/types\/post"}],"author":[{"embeddable":true,"href":"https:\/\/www.ecuadoraldia.com.ec\/index.php?rest_route=\/wp\/v2\/users\/1"}],"replies":[{"embeddable":true,"href":"https:\/\/www.ecuadoraldia.com.ec\/index.php?rest_route=%2Fwp%2Fv2%2Fcomments&post=9903"}],"version-history":[{"count":1,"href":"https:\/\/www.ecuadoraldia.com.ec\/index.php?rest_route=\/wp\/v2\/posts\/9903\/revisions"}],"predecessor-version":[{"id":9905,"href":"https:\/\/www.ecuadoraldia.com.ec\/index.php?rest_route=\/wp\/v2\/posts\/9903\/revisions\/9905"}],"wp:attachment":[{"href":"https:\/\/www.ecuadoraldia.com.ec\/index.php?rest_route=%2Fwp%2Fv2%2Fmedia&parent=9903"}],"wp:term":[{"taxonomy":"category","embeddable":true,"href":"https:\/\/www.ecuadoraldia.com.ec\/index.php?rest_route=%2Fwp%2Fv2%2Fcategories&post=9903"},{"taxonomy":"post_tag","embeddable":true,"href":"https:\/\/www.ecuadoraldia.com.ec\/index.php?rest_route=%2Fwp%2Fv2%2Ftags&post=9903"}],"curies":[{"name":"wp","href":"https:\/\/api.w.org\/{rel}","templated":true}]}}