{"id":9906,"date":"2015-07-01T22:18:11","date_gmt":"2015-07-01T22:18:11","guid":{"rendered":"http:\/\/www.ecuadoraldia.com.ec\/?p=9906"},"modified":"2015-07-01T22:18:11","modified_gmt":"2015-07-01T22:18:11","slug":"pais-rechaza-intentos-desestabilizadores","status":"publish","type":"post","link":"https:\/\/www.ecuadoraldia.com.ec\/?p=9906","title":{"rendered":"PAIS rechaza intentos desestabilizadores"},"content":{"rendered":"<p style=\"text-align: justify;\"><a href=\"http:\/\/www.ecuadoraldia.com.ec\/wp-content\/uploads\/2015\/07\/Doris-Soliz.png\"><img loading=\"lazy\" decoding=\"async\" class=\"alignleft size-medium wp-image-9907\" src=\"http:\/\/www.ecuadoraldia.com.ec\/wp-content\/uploads\/2015\/07\/Doris-Soliz-300x203.png\" alt=\"Doris-Soliz\" width=\"300\" height=\"203\" srcset=\"https:\/\/www.ecuadoraldia.com.ec\/wp-content\/uploads\/2015\/07\/Doris-Soliz-300x203.png 300w, https:\/\/www.ecuadoraldia.com.ec\/wp-content\/uploads\/2015\/07\/Doris-Soliz.png 750w\" sizes=\"(max-width: 300px) 100vw, 300px\" \/><\/a>La Secretaria ejecutiva de PAIS, Doris Soliz, repudi\u00f3 que, seg\u00fan informaci\u00f3n que posee esa organizaci\u00f3n pol\u00edtica, las distintas marchas de la oposici\u00f3n que se estar\u00edan convocando para ma\u00f1ana en Quito busquen tomarse la Plaza Grande y generar incidentes en el Palacio de Gobierno y m\u00e1s actos agresivos.<\/p>\n<p style=\"text-align: justify;\">\u00abCondenamos plenamente estos hechos, porque son contrarios al sistema democr\u00e1tico y luego el pueblo ecuatoriano con su cultura de paz, con su madurez pol\u00edtica, los rechaza totalmente\u00bb, dijo la Secretaria de la organizaci\u00f3n.<\/p>\n<p style=\"text-align: justify;\">Por ello, adelant\u00f3 que se suspender\u00e1 la gran marcha nacional, con m\u00e1s de 200 mil militantes, que estaba prevista para ma\u00f1ana en Quito. La organizaci\u00f3n realizar\u00e1 ma\u00f1ana solamente una vigilia por la alegr\u00eda en la Plaza de la Independencia en Quito.<\/p>\n<p style=\"text-align: justify;\">\u00abTenemos que lamentar que la oposici\u00f3n se convoca ma\u00f1ana en varias marchas en actitudes provocadoras, lamentables, tambi\u00e9n, la enorme provocaci\u00f3n en redes sociales, llamados absolutamente desafortunados\u00bb, dijo Soliz, quien adem\u00e1s manifest\u00f3 que, entre otros actores pol\u00edticos de oposici\u00f3n, estar\u00edan el asamble\u00edsta P\u00e1ez, quien, seg\u00fan la secretaria de la organizaci\u00f3n, estar\u00eda convocando a agredir a los funcionarios p\u00fablicos.<\/p>\n<p style=\"text-align: justify;\">\u00abEs algo incomprensible, condenamos esta actitud cobarde de alguien que se dice asamble\u00edsta de los ecuatorianos\u00bb, afirm\u00f3.<\/p>\n<p style=\"text-align: justify;\">Soliz enfatiz\u00f3 que con todo esto se estar\u00eda evidenciando un conjunto de acciones de provocaci\u00f3n, de desestabilizaci\u00f3n. \u00abEn este sentido, a PAIS no le queda m\u00e1s que tambi\u00e9n convocarse pero lo vamos a hacer ma\u00f1ana, no era nuestro objetivo, pues consideramos no realizar nada del quehacer pol\u00edtico en esta semana de reflexi\u00f3n a la llegada del santo padre, pero vamos a convocarnos en la Plaza Grande con un esp\u00edritu festivo, de alegr\u00eda, de m\u00fasica con expresiones populares del pueblo ecuatoriano que quiere que este pa\u00eds avance por la senda del paz y desarrollo y democracia\u00bb, agreg\u00f3.<\/p>\n<p style=\"text-align: justify;\">Soliz se\u00f1al\u00f3 y conden\u00f3 que ciertos sectores de la oposici\u00f3n incluso estar\u00edan buscando generar incidentes en la visita del papa Francisco al Ecuador. \/eltelegrafo<\/p>\n","protected":false},"excerpt":{"rendered":"<p>La Secretaria ejecutiva de PAIS, Doris Soliz, repudi\u00f3 que, seg\u00fan informaci\u00f3n que posee esa organizaci\u00f3n pol\u00edtica, las distintas marchas de<\/p>\n","protected":false},"author":1,"featured_media":0,"comment_status":"open","ping_status":"open","sticky":false,"template":"","format":"standard","meta":{"footnotes":""},"categories":[1],"tags":[],"_links":{"self":[{"href":"https:\/\/www.ecuadoraldia.com.ec\/index.php?rest_route=\/wp\/v2\/posts\/9906"}],"collection":[{"href":"https:\/\/www.ecuadoraldia.com.ec\/index.php?rest_route=\/wp\/v2\/posts"}],"about":[{"href":"https:\/\/www.ecuadoraldia.com.ec\/index.php?rest_route=\/wp\/v2\/types\/post"}],"author":[{"embeddable":true,"href":"https:\/\/www.ecuadoraldia.com.ec\/index.php?rest_route=\/wp\/v2\/users\/1"}],"replies":[{"embeddable":true,"href":"https:\/\/www.ecuadoraldia.com.ec\/index.php?rest_route=%2Fwp%2Fv2%2Fcomments&post=9906"}],"version-history":[{"count":1,"href":"https:\/\/www.ecuadoraldia.com.ec\/index.php?rest_route=\/wp\/v2\/posts\/9906\/revisions"}],"predecessor-version":[{"id":9908,"href":"https:\/\/www.ecuadoraldia.com.ec\/index.php?rest_route=\/wp\/v2\/posts\/9906\/revisions\/9908"}],"wp:attachment":[{"href":"https:\/\/www.ecuadoraldia.com.ec\/index.php?rest_route=%2Fwp%2Fv2%2Fmedia&parent=9906"}],"wp:term":[{"taxonomy":"category","embeddable":true,"href":"https:\/\/www.ecuadoraldia.com.ec\/index.php?rest_route=%2Fwp%2Fv2%2Fcategories&post=9906"},{"taxonomy":"post_tag","embeddable":true,"href":"https:\/\/www.ecuadoraldia.com.ec\/index.php?rest_route=%2Fwp%2Fv2%2Ftags&post=9906"}],"curies":[{"name":"wp","href":"https:\/\/api.w.org\/{rel}","templated":true}]}}